{"id":51096,"date":"2020-01-23T21:54:53","date_gmt":"2020-01-24T00:54:53","guid":{"rendered":"http:\/\/blogdoedvaldomagalhaes.com.br\/?p=51096"},"modified":"2020-01-23T23:07:16","modified_gmt":"2020-01-24T02:07:16","slug":"oportunidade-erem-adelia-leal-com-vagas-abertas-para-alunos-do-1o-ano","status":"publish","type":"post","link":"https:\/\/blogdoedvaldomagalhaes.com.br\/index.php\/2020\/01\/23\/oportunidade-erem-adelia-leal-com-vagas-abertas-para-alunos-do-1o-ano\/","title":{"rendered":"Oportunidade: EREM Ad\u00e9lia Leal com vagas abertas para alunos do 1\u00ba ano"},"content":{"rendered":"<p style=\"text-align: justify;\">A Escola Estadual Professora Ad\u00e9lia Leal Ferreira, em Caruaru, ainda est\u00e1 com vagas abertas para a forma\u00e7\u00e3o de turma do 1\u00ba ano do Ensino M\u00e9dio. Este ano, a Escola passa a funcionar com atividades do EREM \u2013 Escola de Refer\u00eancia em Ensino M\u00e9dio \u2013 Tempo Integral, ou seja, nos turnos da manh\u00e3 e tarde.<br \/>\nPara conseguir a vaga, basta comparecer na secretaria da Institui\u00e7\u00e3o, de segunda a sexta, das 7h30 \u00e0s 17h, com os seguintes documentos:<\/p>\n<p style=\"text-align: justify;\">\u2022 Declara\u00e7\u00e3o provis\u00f3ria ou hist\u00f3rico escolar;<br \/>\n\u2022 Ficha individual (se estiver cursando);<br \/>\n\u2022 C\u00f3pia da Certid\u00e3o de nascimento do aluno;<br \/>\n\u2022 C\u00f3pia da Identidade e do CPF do aluno;<br \/>\n\u2022 C\u00f3pia do RG e CPF do respons\u00e1vel;<br \/>\n\u2022 C\u00f3pia de comprovante de resid\u00eancia com CEP;<br \/>\n\u2022 02 fotos 3&#215;4;<br \/>\n\u2022 C\u00f3pia de Exame de sangue (fator RH);<br \/>\n\u2022 C\u00f3pia do cart\u00e3o do SUS;<br \/>\n\u2022 C\u00f3pia do cart\u00e3o Bolsa Fam\u00edlia (se receber);<br \/>\n\u2022 Informar endere\u00e7o de e-mail do aluno ou respons\u00e1vel.<\/p>\n<p style=\"text-align: justify;\">A Escola Professora Ad\u00e9lia Leal Ferreira est\u00e1 localizada \u00e0 Av. C\u00edcero Jos\u00e9 Dutra, no bairro Petr\u00f3polis, pr\u00f3ximo a FAFICA.<\/p>\n","protected":false},"excerpt":{"rendered":"<p>A Escola Estadual Professora Ad\u00e9lia Leal Ferreira, em Caruaru, ainda est\u00e1 com vagas abertas para a forma\u00e7\u00e3o de turma do&hellip;<\/p>\n","protected":false},"author":1,"featured_media":51097,"comment_status":"open","ping_status":"open","sticky":false,"template":"","format":"standard","meta":{"footnotes":""},"categories":[14120],"tags":[2,16881,17149],"class_list":["post-51096","post","type-post","status-publish","format-standard","has-post-thumbnail","hentry","category-noticias","tag-blog-do-edvaldo-magalhaes","tag-caruaru-e-regiao","tag-oportunidade-erem-adelia-leal-com-vagas-abertas-para-alunos-do-1o-ano"],"_links":{"self":[{"href":"https:\/\/blogdoedvaldomagalhaes.com.br\/index.php\/wp-json\/wp\/v2\/posts\/51096","targetHints":{"allow":["GET"]}}],"collection":[{"href":"https:\/\/blogdoedvaldomagalhaes.com.br\/index.php\/wp-json\/wp\/v2\/posts"}],"about":[{"href":"https:\/\/blogdoedvaldomagalhaes.com.br\/index.php\/wp-json\/wp\/v2\/types\/post"}],"author":[{"embeddable":true,"href":"https:\/\/blogdoedvaldomagalhaes.com.br\/index.php\/wp-json\/wp\/v2\/users\/1"}],"replies":[{"embeddable":true,"href":"https:\/\/blogdoedvaldomagalhaes.com.br\/index.php\/wp-json\/wp\/v2\/comments?post=51096"}],"version-history":[{"count":1,"href":"https:\/\/blogdoedvaldomagalhaes.com.br\/index.php\/wp-json\/wp\/v2\/posts\/51096\/revisions"}],"predecessor-version":[{"id":51098,"href":"https:\/\/blogdoedvaldomagalhaes.com.br\/index.php\/wp-json\/wp\/v2\/posts\/51096\/revisions\/51098"}],"wp:featuredmedia":[{"embeddable":true,"href":"https:\/\/blogdoedvaldomagalhaes.com.br\/index.php\/wp-json\/wp\/v2\/media\/51097"}],"wp:attachment":[{"href":"https:\/\/blogdoedvaldomagalhaes.com.br\/index.php\/wp-json\/wp\/v2\/media?parent=51096"}],"wp:term":[{"taxonomy":"category","embeddable":true,"href":"https:\/\/blogdoedvaldomagalhaes.com.br\/index.php\/wp-json\/wp\/v2\/categories?post=51096"},{"taxonomy":"post_tag","embeddable":true,"href":"https:\/\/blogdoedvaldomagalhaes.com.br\/index.php\/wp-json\/wp\/v2\/tags?post=51096"}],"curies":[{"name":"wp","href":"https:\/\/api.w.org\/{rel}","templated":true}]}}