{"id":51091,"date":"2020-01-23T13:58:59","date_gmt":"2020-01-23T16:58:59","guid":{"rendered":"http:\/\/blogdoedvaldomagalhaes.com.br\/?p=51091"},"modified":"2020-01-23T13:59:04","modified_gmt":"2020-01-23T16:59:04","slug":"clinica-escola-veterinaria-sera-inaugurada-em-caruaru","status":"publish","type":"post","link":"https:\/\/blogdoedvaldomagalhaes.com.br\/index.php\/2020\/01\/23\/clinica-escola-veterinaria-sera-inaugurada-em-caruaru\/","title":{"rendered":"Cl\u00ednica-Escola Veterin\u00e1ria ser\u00e1 inaugurada em Caruaru"},"content":{"rendered":"<p style=\"text-align: justify;\"><span style=\"font-size: inherit;\">O Centro Universit\u00e1rio Unifavip | Wyden inaugura, no pr\u00f3ximo dia seis de fevereiro, \u00e0s 15h30, a Cl\u00ednica-Escola Veterin\u00e1ria Professor Maur\u00edcio Garcia, que funcionar\u00e1 no bairro Universit\u00e1rio. Ser\u00e1 o primeiro equipamento deste modelo no Estado com uma estrutura de mais de tr\u00eas mil metros quadrados de \u00e1rea constru\u00edda, instala\u00e7\u00f5es modernas e equipadas com o que h\u00e1 de mais atual na medicina veterin\u00e1ria do Pa\u00eds.\u00a0<\/span><\/p>\n<p style=\"text-align: justify;\">&#8220;N\u00e3o conhe\u00e7o aqui no Estado e ouso dizer at\u00e9 mesmo na regi\u00e3o Nordeste, uma cl\u00ednica veterin\u00e1ria com o porte e a quantidade de servi\u00e7os voltados para a medicina veterin\u00e1ria. \u00c9 uma honra para n\u00f3s poder fazer parte deste momento&#8221;, afirmou o coordenador do curso de medicina veterin\u00e1ria do UNIFAVIP I WYDEN, J\u00fanior M\u00e1rio Baltazar.<br \/>A Cl\u00ednica-escola possui tr\u00eas blocos cir\u00fargicos, sendo um para pequenos animais, um para equinos e outro para bovinos; al\u00e9m de servi\u00e7os de radiografia, ultrassonografia, exames anatomopatol\u00f3gicos, laborat\u00f3rio cl\u00ednico veterin\u00e1rio, enfermaria, consult\u00f3rios para atendimento ambulatorial em pequenos e grandes animais, baias e diversos ambientes acad\u00eamicos para aulas pr\u00e1ticas aos alunos do curso de veterin\u00e1ria. O local j\u00e1 \u00e9 considerado refer\u00eancia em cirurgia na regi\u00e3o, por conta do porte e da capacidade de atendimento.<\/p>\n<p style=\"text-align: justify;\"><br \/>A expectativa \u00e9 de que o equipamento traga um grande impacto positivo para a popula\u00e7\u00e3o de Caruaru e cidades vizinhas, principalmente para a popula\u00e7\u00e3o mais carente, j\u00e1 que a maioria dos servi\u00e7os \u00e9 gratuita. &#8220;N\u00f3s estamos ansiosos para iniciar as atividades da nossa Cl\u00ednica-escola. Temos total consci\u00eancia do impacto que ela causar\u00e1 na regi\u00e3o, em termos de acesso a servi\u00e7os veterin\u00e1rios que at\u00e9 ent\u00e3o s\u00e3o escassos. Este \u00e9 um sonho antigo que se torna realidade para nossa satisfa\u00e7\u00e3o, da comunidade acad\u00eamica e especialmente da popula\u00e7\u00e3o&#8221;, comemorou o diretor geral do UNIFAVIP I WYDEN, Ricardo Ciriaco.<br \/>A cl\u00ednica funcionar\u00e1 das 8h \u00e0s 18h e ter\u00e1 capacidade mensal de 325 atendimentos, entre consultas, exames laboratoriais, diagn\u00f3stico por imagem, necropsias, exames histopatol\u00f3gicos e procedimentos cir\u00fargicos.<\/p>\n<p style=\"text-align: justify;\">*Sobre o homenageado*<br \/>A cl\u00ednica-escola recebeu o nome do professor Maur\u00edcio Garcia, em reconhecimento aos trabalhos \u00e0 frente da Dire\u00e7\u00e3o da Adtalem Education Group, onde exerceu, at\u00e9 julho de 2019, o cargo de vice-presidente de Inova\u00e7\u00e3o e Ensino, no Brasil. <br \/>Maur\u00edcio Garcia tem quase 40 anos de carreira, \u00e9 veterin\u00e1rio, Mestre e Doutor pela Universidade de S\u00e3o Paulo e tem MBA pela Funda\u00e7\u00e3o Get\u00falio Vargas. Atuou em diversos grupos educacionais p\u00fablicos e privados no Brasil, na \u00cdndia e nos Estados Unidos. Al\u00e9m disso, realizou projetos, cursos e est\u00e1gios em institui\u00e7\u00f5es como a Universidade de Mil\u00e3o, a Escola Nacional de Alfort, em Paris, a Universidade de Montreal no Canad\u00e1 e a Universidade de Stanford nos Estados Unidos.<br \/>&#8220;Decidimos homenagear este ilustre veterin\u00e1rio, que tanto nos ajudou no planejamento acad\u00eamico de nossa institui\u00e7\u00e3o, especialmente quando da implanta\u00e7\u00e3o do curso de medicina veterin\u00e1ria aqui em Caruaru&#8221;, enfatizou a diretora regional do UNIFAVIP I WYDEN, Mauricelia Vidal Montenegro.<\/p>\n\n\n<figure class=\"wp-block-image size-large\"><img loading=\"lazy\" decoding=\"async\" width=\"974\" height=\"548\" src=\"http:\/\/blogdoedvaldomagalhaes.com.br\/wp-content\/uploads\/2020\/01\/IMG-20200121-WA0108.jpg\" alt=\"\" class=\"wp-image-51092\" srcset=\"https:\/\/blogdoedvaldomagalhaes.com.br\/wp-content\/uploads\/2020\/01\/IMG-20200121-WA0108.jpg 974w, https:\/\/blogdoedvaldomagalhaes.com.br\/wp-content\/uploads\/2020\/01\/IMG-20200121-WA0108-300x169.jpg 300w, https:\/\/blogdoedvaldomagalhaes.com.br\/wp-content\/uploads\/2020\/01\/IMG-20200121-WA0108-768x432.jpg 768w, https:\/\/blogdoedvaldomagalhaes.com.br\/wp-content\/uploads\/2020\/01\/IMG-20200121-WA0108-720x405.jpg 720w\" sizes=\"auto, (max-width: 974px) 100vw, 974px\" \/><\/figure>\n\n\n\n<figure class=\"wp-block-image size-large\"><img loading=\"lazy\" decoding=\"async\" width=\"971\" height=\"459\" src=\"http:\/\/blogdoedvaldomagalhaes.com.br\/wp-content\/uploads\/2020\/01\/IMG-20200121-WA0109.jpg\" alt=\"\" class=\"wp-image-51093\" srcset=\"https:\/\/blogdoedvaldomagalhaes.com.br\/wp-content\/uploads\/2020\/01\/IMG-20200121-WA0109.jpg 971w, https:\/\/blogdoedvaldomagalhaes.com.br\/wp-content\/uploads\/2020\/01\/IMG-20200121-WA0109-300x142.jpg 300w, https:\/\/blogdoedvaldomagalhaes.com.br\/wp-content\/uploads\/2020\/01\/IMG-20200121-WA0109-768x363.jpg 768w\" sizes=\"auto, (max-width: 971px) 100vw, 971px\" \/><\/figure>\n","protected":false},"excerpt":{"rendered":"<p>O Centro Universit\u00e1rio Unifavip | Wyden inaugura, no pr\u00f3ximo dia seis de fevereiro, \u00e0s 15h30, a Cl\u00ednica-Escola Veterin\u00e1ria Professor Maur\u00edcio&hellip;<\/p>\n","protected":false},"author":1,"featured_media":51094,"comment_status":"open","ping_status":"open","sticky":false,"template":"","format":"standard","meta":{"footnotes":""},"categories":[14120],"tags":[2,16881,17148],"class_list":["post-51091","post","type-post","status-publish","format-standard","has-post-thumbnail","hentry","category-noticias","tag-blog-do-edvaldo-magalhaes","tag-caruaru-e-regiao","tag-clinica-escola-veterinaria-sera-inaugurada-em-caruaru"],"_links":{"self":[{"href":"https:\/\/blogdoedvaldomagalhaes.com.br\/index.php\/wp-json\/wp\/v2\/posts\/51091","targetHints":{"allow":["GET"]}}],"collection":[{"href":"https:\/\/blogdoedvaldomagalhaes.com.br\/index.php\/wp-json\/wp\/v2\/posts"}],"about":[{"href":"https:\/\/blogdoedvaldomagalhaes.com.br\/index.php\/wp-json\/wp\/v2\/types\/post"}],"author":[{"embeddable":true,"href":"https:\/\/blogdoedvaldomagalhaes.com.br\/index.php\/wp-json\/wp\/v2\/users\/1"}],"replies":[{"embeddable":true,"href":"https:\/\/blogdoedvaldomagalhaes.com.br\/index.php\/wp-json\/wp\/v2\/comments?post=51091"}],"version-history":[{"count":1,"href":"https:\/\/blogdoedvaldomagalhaes.com.br\/index.php\/wp-json\/wp\/v2\/posts\/51091\/revisions"}],"predecessor-version":[{"id":51095,"href":"https:\/\/blogdoedvaldomagalhaes.com.br\/index.php\/wp-json\/wp\/v2\/posts\/51091\/revisions\/51095"}],"wp:featuredmedia":[{"embeddable":true,"href":"https:\/\/blogdoedvaldomagalhaes.com.br\/index.php\/wp-json\/wp\/v2\/media\/51094"}],"wp:attachment":[{"href":"https:\/\/blogdoedvaldomagalhaes.com.br\/index.php\/wp-json\/wp\/v2\/media?parent=51091"}],"wp:term":[{"taxonomy":"category","embeddable":true,"href":"https:\/\/blogdoedvaldomagalhaes.com.br\/index.php\/wp-json\/wp\/v2\/categories?post=51091"},{"taxonomy":"post_tag","embeddable":true,"href":"https:\/\/blogdoedvaldomagalhaes.com.br\/index.php\/wp-json\/wp\/v2\/tags?post=51091"}],"curies":[{"name":"wp","href":"https:\/\/api.w.org\/{rel}","templated":true}]}}