{"id":51086,"date":"2020-01-23T11:36:41","date_gmt":"2020-01-23T14:36:41","guid":{"rendered":"http:\/\/blogdoedvaldomagalhaes.com.br\/?p=51086"},"modified":"2020-01-23T11:36:44","modified_gmt":"2020-01-23T14:36:44","slug":"prefeitura-de-caruaru-abre-atualizacao-cadastral-para-artistas-ligados-a-cultura-carnavalesca","status":"publish","type":"post","link":"https:\/\/blogdoedvaldomagalhaes.com.br\/index.php\/2020\/01\/23\/prefeitura-de-caruaru-abre-atualizacao-cadastral-para-artistas-ligados-a-cultura-carnavalesca\/","title":{"rendered":"Prefeitura de Caruaru abre atualiza\u00e7\u00e3o cadastral para artistas ligados \u00e0 cultura carnavalesca"},"content":{"rendered":"<p style=\"text-align: justify;\"><span style=\"font-size: inherit;\">Seguindo o planejamento do Carnaval Caruaru Cultural 2020, a Prefeitura de Caruaru abre na pr\u00f3xima segunda-feira (27) uma atualiza\u00e7\u00e3o cadastral para artistas ligados \u00e0 cultura carnavalesca. Neste sentido, s\u00e3o convocados, por exemplo: orquestras de frevo; grupos de folguedos; bois de bandeira; reisado; maracatu; grupos de batuques; grupos afros; sambistas; passistas de frevo; grupos de chorinho; entre outras manifesta\u00e7\u00f5es culturais da \u00e9poca.<\/span><\/p>\n<p style=\"text-align: justify;\">A atualiza\u00e7\u00e3o deve ser feita at\u00e9 o dia 31 de janeiro. \u00c9 necess\u00e1rio comparecer com CPF, RG, comprovante de resid\u00eancia e PIS no Espa\u00e7o Cultural Tancredo Neves, localizado na Pra\u00e7a Coronel Jos\u00e9 de Vasconcelos, 100, bairro Nossa Senhora das Dores. O hor\u00e1rio de atendimento \u00e9 das 8h \u00e0s 13h. D\u00favidas podem ser esclarecidas pelo telefone: (81) 3721-1257.<\/p>\n","protected":false},"excerpt":{"rendered":"<p>Seguindo o planejamento do Carnaval Caruaru Cultural 2020, a Prefeitura de Caruaru abre na pr\u00f3xima segunda-feira (27) uma atualiza\u00e7\u00e3o cadastral&hellip;<\/p>\n","protected":false},"author":1,"featured_media":51087,"comment_status":"open","ping_status":"open","sticky":false,"template":"","format":"standard","meta":{"footnotes":""},"categories":[14120],"tags":[2,16881,17147],"class_list":["post-51086","post","type-post","status-publish","format-standard","has-post-thumbnail","hentry","category-noticias","tag-blog-do-edvaldo-magalhaes","tag-caruaru-e-regiao","tag-prefeitura-de-caruaru-abre-atualizacao-cadastral-para-artistas-ligados-a-cultura-carnavalesca"],"_links":{"self":[{"href":"https:\/\/blogdoedvaldomagalhaes.com.br\/index.php\/wp-json\/wp\/v2\/posts\/51086","targetHints":{"allow":["GET"]}}],"collection":[{"href":"https:\/\/blogdoedvaldomagalhaes.com.br\/index.php\/wp-json\/wp\/v2\/posts"}],"about":[{"href":"https:\/\/blogdoedvaldomagalhaes.com.br\/index.php\/wp-json\/wp\/v2\/types\/post"}],"author":[{"embeddable":true,"href":"https:\/\/blogdoedvaldomagalhaes.com.br\/index.php\/wp-json\/wp\/v2\/users\/1"}],"replies":[{"embeddable":true,"href":"https:\/\/blogdoedvaldomagalhaes.com.br\/index.php\/wp-json\/wp\/v2\/comments?post=51086"}],"version-history":[{"count":1,"href":"https:\/\/blogdoedvaldomagalhaes.com.br\/index.php\/wp-json\/wp\/v2\/posts\/51086\/revisions"}],"predecessor-version":[{"id":51088,"href":"https:\/\/blogdoedvaldomagalhaes.com.br\/index.php\/wp-json\/wp\/v2\/posts\/51086\/revisions\/51088"}],"wp:featuredmedia":[{"embeddable":true,"href":"https:\/\/blogdoedvaldomagalhaes.com.br\/index.php\/wp-json\/wp\/v2\/media\/51087"}],"wp:attachment":[{"href":"https:\/\/blogdoedvaldomagalhaes.com.br\/index.php\/wp-json\/wp\/v2\/media?parent=51086"}],"wp:term":[{"taxonomy":"category","embeddable":true,"href":"https:\/\/blogdoedvaldomagalhaes.com.br\/index.php\/wp-json\/wp\/v2\/categories?post=51086"},{"taxonomy":"post_tag","embeddable":true,"href":"https:\/\/blogdoedvaldomagalhaes.com.br\/index.php\/wp-json\/wp\/v2\/tags?post=51086"}],"curies":[{"name":"wp","href":"https:\/\/api.w.org\/{rel}","templated":true}]}}