{"id":51079,"date":"2020-01-23T11:06:22","date_gmt":"2020-01-23T14:06:22","guid":{"rendered":"http:\/\/blogdoedvaldomagalhaes.com.br\/?p=51079"},"modified":"2020-01-23T11:07:42","modified_gmt":"2020-01-23T14:07:42","slug":"unifavip-wyden-divulga-nova-pesquisa-sobre-o-valor-da-cesta-basica-em-caruaru","status":"publish","type":"post","link":"https:\/\/blogdoedvaldomagalhaes.com.br\/index.php\/2020\/01\/23\/unifavip-wyden-divulga-nova-pesquisa-sobre-o-valor-da-cesta-basica-em-caruaru\/","title":{"rendered":"UniFavip | Wyden divulga nova pesquisa sobre o valor da Cesta b\u00e1sica em Caruaru\u00a0"},"content":{"rendered":"<p style=\"text-align: justify;\"><span style=\"font-size: inherit;\">Segundo a pesquisa mensal realizada por alunos do curso de Gest\u00e3o Financeira do Centro Universit\u00e1rio UniFavip | Wyden, e coordenada pela professora Eliane Alves, a cesta b\u00e1sica em Caruaru, no Agreste de Pernambuco, aumentou 3,54% no m\u00eas de dezembro de 2019, sendo a segunda alta consecutiva. De acordo com o levantamento, no \u00faltimo m\u00eas do ano passado, o valor da alimenta\u00e7\u00e3o b\u00e1sica da Capital do Agreste passou de R$ 273,28 para R$ 282,95.\u00a0<\/span><\/p>\n<p style=\"text-align: justify;\">Foi constatado ainda na pesquisa coordenada pela professora Eliane Alves, que os itens que mais contribu\u00edram para o aumento do valor final da cesta foram a farinha e o feij\u00e3o, respectivamente. Al\u00e9m destes alimentos, a carne e o tomate tamb\u00e9m contribu\u00edram com altas relevantes. Em contrapartida, leite, margarina, banana e caf\u00e9 registraram diminui\u00e7\u00e3o nos pre\u00e7os. Os dados da pesquisa ressaltaram tamb\u00e9m que, no acumulado de 2019, a cesta b\u00e1sica caruaruense registrou um aumento de 10,4%.<\/p>\n<p style=\"text-align: justify;\">De acordo com o DIEESE (Departamento Intersindical de Estat\u00edstica e Estudos Socioecon\u00f4micos), respons\u00e1vel pela realiza\u00e7\u00e3o mensal da Pesquisa Nacional da Cesta B\u00e1sica de Alimentos, o valor da cesta b\u00e1sica, em 2019, aumentou em 16 das 17 capitais onde o departamento faz a pesquisa. Recife est\u00e1 entre as tr\u00eas cidades, onde houve um acr\u00e9scimo mais expressivo: 15,63% durante o ano. A capital pernambucana fechou dezembro com o valor da cesta em R$ 393,80. Se compararmos Caruaru e Recife, a alimenta\u00e7\u00e3o b\u00e1sica caruaruense continua apresentando um valor inferior, com uma diferen\u00e7a de R$ 110,85.<\/p>\n","protected":false},"excerpt":{"rendered":"<p>Segundo a pesquisa mensal realizada por alunos do curso de Gest\u00e3o Financeira do Centro Universit\u00e1rio UniFavip | Wyden, e coordenada&hellip;<\/p>\n","protected":false},"author":1,"featured_media":51080,"comment_status":"open","ping_status":"open","sticky":false,"template":"","format":"standard","meta":{"footnotes":""},"categories":[14120],"tags":[2,16881,17146],"class_list":["post-51079","post","type-post","status-publish","format-standard","has-post-thumbnail","hentry","category-noticias","tag-blog-do-edvaldo-magalhaes","tag-caruaru-e-regiao","tag-unifavip-wyden-divulga-nova-pesquisa-sobre-o-valor-da-cesta-basica-em-caruaru"],"_links":{"self":[{"href":"https:\/\/blogdoedvaldomagalhaes.com.br\/index.php\/wp-json\/wp\/v2\/posts\/51079","targetHints":{"allow":["GET"]}}],"collection":[{"href":"https:\/\/blogdoedvaldomagalhaes.com.br\/index.php\/wp-json\/wp\/v2\/posts"}],"about":[{"href":"https:\/\/blogdoedvaldomagalhaes.com.br\/index.php\/wp-json\/wp\/v2\/types\/post"}],"author":[{"embeddable":true,"href":"https:\/\/blogdoedvaldomagalhaes.com.br\/index.php\/wp-json\/wp\/v2\/users\/1"}],"replies":[{"embeddable":true,"href":"https:\/\/blogdoedvaldomagalhaes.com.br\/index.php\/wp-json\/wp\/v2\/comments?post=51079"}],"version-history":[{"count":2,"href":"https:\/\/blogdoedvaldomagalhaes.com.br\/index.php\/wp-json\/wp\/v2\/posts\/51079\/revisions"}],"predecessor-version":[{"id":51082,"href":"https:\/\/blogdoedvaldomagalhaes.com.br\/index.php\/wp-json\/wp\/v2\/posts\/51079\/revisions\/51082"}],"wp:featuredmedia":[{"embeddable":true,"href":"https:\/\/blogdoedvaldomagalhaes.com.br\/index.php\/wp-json\/wp\/v2\/media\/51080"}],"wp:attachment":[{"href":"https:\/\/blogdoedvaldomagalhaes.com.br\/index.php\/wp-json\/wp\/v2\/media?parent=51079"}],"wp:term":[{"taxonomy":"category","embeddable":true,"href":"https:\/\/blogdoedvaldomagalhaes.com.br\/index.php\/wp-json\/wp\/v2\/categories?post=51079"},{"taxonomy":"post_tag","embeddable":true,"href":"https:\/\/blogdoedvaldomagalhaes.com.br\/index.php\/wp-json\/wp\/v2\/tags?post=51079"}],"curies":[{"name":"wp","href":"https:\/\/api.w.org\/{rel}","templated":true}]}}