{"id":51070,"date":"2020-01-23T09:21:16","date_gmt":"2020-01-23T12:21:16","guid":{"rendered":"http:\/\/blogdoedvaldomagalhaes.com.br\/?p=51070"},"modified":"2020-01-23T11:11:14","modified_gmt":"2020-01-23T14:11:14","slug":"pedestre-morre-atropelado-na-br-232-em-encruzilhada-de-sao-joao","status":"publish","type":"post","link":"https:\/\/blogdoedvaldomagalhaes.com.br\/index.php\/2020\/01\/23\/pedestre-morre-atropelado-na-br-232-em-encruzilhada-de-sao-joao\/","title":{"rendered":"Pedestre morre atropelado na BR-232 em Encruzilhada de S\u00e3o Jo\u00e3o"},"content":{"rendered":"<p style=\"text-align: justify;\">O atropelamento ocorreu no Km 113,2 da BR-232, em Encruzilhada de S\u00e3o Jo\u00e3o, munic\u00edpio de Bezerros-PE, na noite dessa quarta-feira (22).\u00a0<\/p>\n<p style=\"text-align: justify;\">O pedestre C\u00e1ssio Henrique Silva Lins de Oliveira, conhecido como Lourinho, de 27 anos de idade, foi atropelado num local que tem uma passarela, por\u00e9m, baixa ilumina\u00e7\u00e3o. A passarela \u00e9 pouco usada pelos moradores.<\/p>\n<p style=\"text-align: justify;\">O motorista do caminh\u00e3o ba\u00fa permaneceu no local at\u00e9 a chegada da Pol\u00edcia Rodovi\u00e1ria Federal (PRF), n\u00e3o teve ferimento, fez teste do baf\u00f4metro e o \u00edndice foi zero.<\/p>\n\n\n<figure class=\"wp-block-image size-large\"><img loading=\"lazy\" decoding=\"async\" width=\"1024\" height=\"768\" src=\"http:\/\/blogdoedvaldomagalhaes.com.br\/wp-content\/uploads\/2020\/01\/IMG-20200123-WA0013-1024x768.jpg\" alt=\"\" class=\"wp-image-51072\" srcset=\"https:\/\/blogdoedvaldomagalhaes.com.br\/wp-content\/uploads\/2020\/01\/IMG-20200123-WA0013-1024x768.jpg 1024w, https:\/\/blogdoedvaldomagalhaes.com.br\/wp-content\/uploads\/2020\/01\/IMG-20200123-WA0013-300x225.jpg 300w, https:\/\/blogdoedvaldomagalhaes.com.br\/wp-content\/uploads\/2020\/01\/IMG-20200123-WA0013-768x576.jpg 768w, https:\/\/blogdoedvaldomagalhaes.com.br\/wp-content\/uploads\/2020\/01\/IMG-20200123-WA0013-160x120.jpg 160w, https:\/\/blogdoedvaldomagalhaes.com.br\/wp-content\/uploads\/2020\/01\/IMG-20200123-WA0013.jpg 1152w\" sizes=\"auto, (max-width: 1024px) 100vw, 1024px\" \/><figcaption>Informa\u00e7\u00f5es e fotos: PRF<\/figcaption><\/figure>\n\n\n\n<figure class=\"wp-block-image size-large\"><img loading=\"lazy\" decoding=\"async\" width=\"480\" height=\"479\" src=\"http:\/\/blogdoedvaldomagalhaes.com.br\/wp-content\/uploads\/2020\/01\/IMG-20200123-WA0028.jpg\" alt=\"\" class=\"wp-image-51083\" srcset=\"https:\/\/blogdoedvaldomagalhaes.com.br\/wp-content\/uploads\/2020\/01\/IMG-20200123-WA0028.jpg 480w, https:\/\/blogdoedvaldomagalhaes.com.br\/wp-content\/uploads\/2020\/01\/IMG-20200123-WA0028-300x300.jpg 300w, https:\/\/blogdoedvaldomagalhaes.com.br\/wp-content\/uploads\/2020\/01\/IMG-20200123-WA0028-150x150.jpg 150w\" sizes=\"auto, (max-width: 480px) 100vw, 480px\" \/><figcaption>V\u00edtima <\/figcaption><\/figure>\n","protected":false},"excerpt":{"rendered":"<p>O atropelamento ocorreu no Km 113,2 da BR-232, em Encruzilhada de S\u00e3o Jo\u00e3o, munic\u00edpio de Bezerros-PE, na noite dessa quarta-feira&hellip;<\/p>\n","protected":false},"author":1,"featured_media":51071,"comment_status":"open","ping_status":"open","sticky":false,"template":"","format":"standard","meta":{"footnotes":""},"categories":[14120],"tags":[2,16881,17145],"class_list":["post-51070","post","type-post","status-publish","format-standard","has-post-thumbnail","hentry","category-noticias","tag-blog-do-edvaldo-magalhaes","tag-caruaru-e-regiao","tag-pedestre-morre-atropelado-na-br-232-em-encruzilhada-de-sao-joao"],"_links":{"self":[{"href":"https:\/\/blogdoedvaldomagalhaes.com.br\/index.php\/wp-json\/wp\/v2\/posts\/51070","targetHints":{"allow":["GET"]}}],"collection":[{"href":"https:\/\/blogdoedvaldomagalhaes.com.br\/index.php\/wp-json\/wp\/v2\/posts"}],"about":[{"href":"https:\/\/blogdoedvaldomagalhaes.com.br\/index.php\/wp-json\/wp\/v2\/types\/post"}],"author":[{"embeddable":true,"href":"https:\/\/blogdoedvaldomagalhaes.com.br\/index.php\/wp-json\/wp\/v2\/users\/1"}],"replies":[{"embeddable":true,"href":"https:\/\/blogdoedvaldomagalhaes.com.br\/index.php\/wp-json\/wp\/v2\/comments?post=51070"}],"version-history":[{"count":7,"href":"https:\/\/blogdoedvaldomagalhaes.com.br\/index.php\/wp-json\/wp\/v2\/posts\/51070\/revisions"}],"predecessor-version":[{"id":51085,"href":"https:\/\/blogdoedvaldomagalhaes.com.br\/index.php\/wp-json\/wp\/v2\/posts\/51070\/revisions\/51085"}],"wp:featuredmedia":[{"embeddable":true,"href":"https:\/\/blogdoedvaldomagalhaes.com.br\/index.php\/wp-json\/wp\/v2\/media\/51071"}],"wp:attachment":[{"href":"https:\/\/blogdoedvaldomagalhaes.com.br\/index.php\/wp-json\/wp\/v2\/media?parent=51070"}],"wp:term":[{"taxonomy":"category","embeddable":true,"href":"https:\/\/blogdoedvaldomagalhaes.com.br\/index.php\/wp-json\/wp\/v2\/categories?post=51070"},{"taxonomy":"post_tag","embeddable":true,"href":"https:\/\/blogdoedvaldomagalhaes.com.br\/index.php\/wp-json\/wp\/v2\/tags?post=51070"}],"curies":[{"name":"wp","href":"https:\/\/api.w.org\/{rel}","templated":true}]}}