{"id":51067,"date":"2020-01-22T22:31:02","date_gmt":"2020-01-23T01:31:02","guid":{"rendered":"http:\/\/blogdoedvaldomagalhaes.com.br\/?p=51067"},"modified":"2020-01-22T22:31:07","modified_gmt":"2020-01-23T01:31:07","slug":"curso-de-graduacao-em-saude-coletiva-para-servidores-publicos","status":"publish","type":"post","link":"https:\/\/blogdoedvaldomagalhaes.com.br\/index.php\/2020\/01\/22\/curso-de-graduacao-em-saude-coletiva-para-servidores-publicos\/","title":{"rendered":"Curso de Gradua\u00e7\u00e3o em Sa\u00fade Coletiva para servidores p\u00fablicos"},"content":{"rendered":"<p style=\"text-align: justify;\">Quer estudar na Asces-Unita, com at\u00e9 50% de desconto, at\u00e9 o final do curso?!<\/p>\n<p style=\"text-align: justify;\">O curso de gradua\u00e7\u00e3o em Sa\u00fade Coletiva tem uma proposta IMPERD\u00cdVEL, exclusiva para voc\u00ea servidor p\u00fablico (concursado, contratado ou comissionado).<\/p>\n<p style=\"text-align: justify;\">Um processo seletivo simplificado para voc\u00ea ingressar no nosso curso em 2020, com condi\u00e7\u00f5es de descontos que podem chegar a 50%.<\/p>\n<p style=\"text-align: justify;\">O nosso curso \u00e9 noturno, tem 4 anos de dura\u00e7\u00e3o, mas se voc\u00ea j\u00e1 possuir uma gradua\u00e7\u00e3o em sa\u00fade, poder\u00e1 concluir em at\u00e9 2 anos.<\/p>\n<p style=\"text-align: justify;\">Veja detalhes no edital.<br \/>\nInscri\u00e7\u00f5es at\u00e9 QUINTA-FEIRA 30\/01<br \/>\nem: https:\/\/asces-unita.edu.br\/2020\/01\/20\/servidor-municipal-pode-estudar-na-asces-unita-com-ate-50-de-desconto\/<br \/>\nVenha construir o seu futuro com a gente!<br \/>\nInforma\u00e7\u00f5es: (81)979000101 (WhatsApp)<\/p>\n","protected":false},"excerpt":{"rendered":"<p>Quer estudar na Asces-Unita, com at\u00e9 50% de desconto, at\u00e9 o final do curso?! O curso de gradua\u00e7\u00e3o em Sa\u00fade&hellip;<\/p>\n","protected":false},"author":1,"featured_media":51068,"comment_status":"open","ping_status":"open","sticky":false,"template":"","format":"standard","meta":{"footnotes":""},"categories":[14120],"tags":[2,16881,17144],"class_list":["post-51067","post","type-post","status-publish","format-standard","has-post-thumbnail","hentry","category-noticias","tag-blog-do-edvaldo-magalhaes","tag-caruaru-e-regiao","tag-curso-de-graduacao-em-saude-coletiva-para-servidores-publicos"],"_links":{"self":[{"href":"https:\/\/blogdoedvaldomagalhaes.com.br\/index.php\/wp-json\/wp\/v2\/posts\/51067","targetHints":{"allow":["GET"]}}],"collection":[{"href":"https:\/\/blogdoedvaldomagalhaes.com.br\/index.php\/wp-json\/wp\/v2\/posts"}],"about":[{"href":"https:\/\/blogdoedvaldomagalhaes.com.br\/index.php\/wp-json\/wp\/v2\/types\/post"}],"author":[{"embeddable":true,"href":"https:\/\/blogdoedvaldomagalhaes.com.br\/index.php\/wp-json\/wp\/v2\/users\/1"}],"replies":[{"embeddable":true,"href":"https:\/\/blogdoedvaldomagalhaes.com.br\/index.php\/wp-json\/wp\/v2\/comments?post=51067"}],"version-history":[{"count":1,"href":"https:\/\/blogdoedvaldomagalhaes.com.br\/index.php\/wp-json\/wp\/v2\/posts\/51067\/revisions"}],"predecessor-version":[{"id":51069,"href":"https:\/\/blogdoedvaldomagalhaes.com.br\/index.php\/wp-json\/wp\/v2\/posts\/51067\/revisions\/51069"}],"wp:featuredmedia":[{"embeddable":true,"href":"https:\/\/blogdoedvaldomagalhaes.com.br\/index.php\/wp-json\/wp\/v2\/media\/51068"}],"wp:attachment":[{"href":"https:\/\/blogdoedvaldomagalhaes.com.br\/index.php\/wp-json\/wp\/v2\/media?parent=51067"}],"wp:term":[{"taxonomy":"category","embeddable":true,"href":"https:\/\/blogdoedvaldomagalhaes.com.br\/index.php\/wp-json\/wp\/v2\/categories?post=51067"},{"taxonomy":"post_tag","embeddable":true,"href":"https:\/\/blogdoedvaldomagalhaes.com.br\/index.php\/wp-json\/wp\/v2\/tags?post=51067"}],"curies":[{"name":"wp","href":"https:\/\/api.w.org\/{rel}","templated":true}]}}