{"id":51043,"date":"2020-01-22T20:21:14","date_gmt":"2020-01-22T23:21:14","guid":{"rendered":"http:\/\/blogdoedvaldomagalhaes.com.br\/?p=51043"},"modified":"2020-01-22T20:57:13","modified_gmt":"2020-01-22T23:57:13","slug":"governador-anuncia-ampliacao-do-saneamento-em-caruaru-e-bezerros-pe-nesta-quarta-22","status":"publish","type":"post","link":"https:\/\/blogdoedvaldomagalhaes.com.br\/index.php\/2020\/01\/22\/governador-anuncia-ampliacao-do-saneamento-em-caruaru-e-bezerros-pe-nesta-quarta-22\/","title":{"rendered":"Governador anuncia amplia\u00e7\u00e3o do saneamento em Caruaru e Bezerros-PE nesta quarta (22)"},"content":{"rendered":"<p style=\"text-align: justify;\"><span style=\"font-size: inherit;\">O governador Paulo C\u00e2mara assinou, nesta quarta-feira (22), a ordem de servi\u00e7o para o in\u00edcio das obras de requalifica\u00e7\u00e3o e complementa\u00e7\u00e3o da rede coletora do sistema de esgotamento sanit\u00e1rio (SES) de Caruaru, munic\u00edpio do Agreste Central do Estado. A obra contar\u00e1 com um aporte de R$ 3 milh\u00f5es e contemplar\u00e1 cerca de 90 mil habitantes, o equivalente a 30% da popula\u00e7\u00e3o urbana da cidade. Acompanhado de v\u00e1rios secret\u00e1rios estaduais, deputados Tony Gel e Jos\u00e9 Queiroz, da prefeita Raquel Lyra e outros prefeitos da regi\u00e3o, al\u00e9m de vereadores, o governador destacou os esfor\u00e7os que vem sendo realizados ao longo dos \u00faltimos anos na \u00e1rea de saneamento b\u00e1sico em Pernambuco e no pr\u00f3prio munic\u00edpio.<\/span><\/p>\n<p style=\"text-align: justify;\">&#8220;Estamos buscado cada vez mais investimentos para que todo o Estado de Pernambuco seja contemplado, tanto na quest\u00e3o do esgotamento sanit\u00e1rio como na quest\u00e3o da \u00e1gua, na qual os investimentos j\u00e1 s\u00e3o mais de R$ 300 milh\u00f5es nos \u00faltimos cinco anos. Isso mostra que estamos dando solu\u00e7\u00f5es definitivas a quest\u00f5es fundamentais&#8221;, disse Paulo C\u00e2mara. &#8220;S\u00f3 este ano, vamos investir cerca de R$ 30 milh\u00f5es para melhoria do esgotamento sanit\u00e1rio de Caruaru. Estamos cumprindo o planejamento e, nessa trajet\u00f3ria, j\u00e1 estamos com mais de 50% da cidade saneada&#8221;, completou.<\/p>\n<p style=\"text-align: justify;\">A iniciativa faz parte do Programa de Saneamento Ambiental da Bacia do Rio Ipojuca, desenvolvido com recursos do Banco Interamericano de Desenvolvimento (BID), que tem como objetivo sanear cidades situadas \u00e0s margens da Bacia Hidrogr\u00e1fica do Rio Ipojuca. &#8220;Costumo dizer que nunca na hist\u00f3ria de Pernambuco foram investidos tantos recursos, ao mesmo tempo, em esgotamento sanit\u00e1rio e abastecimento de \u00e1gua. O governador Paulo C\u00e2mara vem com a pol\u00edtica de priorizar esse tema. Hoje, temos obras em andamento para trazer esgotamento sanit\u00e1rio em Caruaru, Escada, Bezerros, Sanhar\u00f3, Belo Jardim, entre outros v\u00e1rios munic\u00edpios no Agreste e Sert\u00e3o pernambucanos&#8221;, afirmou a secret\u00e1ria de Infraestrutura e Recursos H\u00eddricos, Fernandha Batista.<\/p>\n<p style=\"text-align: justify;\">Em seguida, o governador fez uma visita t\u00e9cnica \u00e0 obra de expans\u00e3o do SES nos bairros do Alto do Moura e Rendeiras, que prev\u00ea a implanta\u00e7\u00e3o de 51 km de tubula\u00e7\u00f5es que far\u00e3o parte da rede coletora de esgotos, ramais de cal\u00e7adas e emiss\u00e1rios no munic\u00edpio. Com valor estimado em R$ 30 milh\u00f5es, o empreendimento beneficiar\u00e1 cerca de 30 mil pessoas.<\/p>\n<p style=\"text-align: justify;\">JANELAS \u2013 Finalizando a visita a Caruaru, Paulo C\u00e2mara vistoriou o andamento da obra do Parque Janelas Para o Rio, equipamento que est\u00e1 sendo constru\u00eddo com o objetivo de proteger as margens do Rio Ipojuca, al\u00e9m de ser uma op\u00e7\u00e3o de lazer para a comunidade. O parque come\u00e7ou a ser constru\u00eddo em setembro de 2019, no terreno da Escola Municipal Altair Nunes Porto, no bairro do Cedro. A expectativa \u00e9 de que em nove meses a obra, que conta com R$ 6 milh\u00f5es de investimento oriundos do Banco Interestadual de Desenvolvimento (BID), esteja conclu\u00edda.<\/p>\n<p style=\"text-align: justify;\">J\u00e1 em Bezerros, o governador Paulo C\u00e2mara visitou as obras da implanta\u00e7\u00e3o do SES na cidade. Com previs\u00e3o de atender 19 mil habitantes, a primeira etapa do empreendimento contemplar\u00e1 os bairros de Centro, S\u00e3o Pedro, S\u00e3o Sebasti\u00e3o e Cruzeiro, todos pertencentes \u00e0 Bacia D. Atualmente, o munic\u00edpio de Bezerros n\u00e3o conta com sistema de coleta e tratamento de esgoto. O valor estimado para a realiza\u00e7\u00e3o da obra \u00e9 de R$ 43 milh\u00f5es e a expectativa de conclus\u00e3o \u00e9 para o primeiro semestre de 2021.<\/p>\n<p>\u00a0<\/p>\n\n\n<figure class=\"wp-block-image size-large\"><img loading=\"lazy\" decoding=\"async\" width=\"1024\" height=\"682\" src=\"http:\/\/blogdoedvaldomagalhaes.com.br\/wp-content\/uploads\/2020\/01\/IMG-20200122-WA0202-1024x682.jpg\" alt=\"\" class=\"wp-image-51058\" srcset=\"https:\/\/blogdoedvaldomagalhaes.com.br\/wp-content\/uploads\/2020\/01\/IMG-20200122-WA0202-1024x682.jpg 1024w, https:\/\/blogdoedvaldomagalhaes.com.br\/wp-content\/uploads\/2020\/01\/IMG-20200122-WA0202-300x200.jpg 300w, https:\/\/blogdoedvaldomagalhaes.com.br\/wp-content\/uploads\/2020\/01\/IMG-20200122-WA0202-768x512.jpg 768w, https:\/\/blogdoedvaldomagalhaes.com.br\/wp-content\/uploads\/2020\/01\/IMG-20200122-WA0202.jpg 1280w\" sizes=\"auto, (max-width: 1024px) 100vw, 1024px\" \/><\/figure>\n\n\n\n<figure class=\"wp-block-image size-large\"><img loading=\"lazy\" decoding=\"async\" width=\"1024\" height=\"576\" src=\"http:\/\/blogdoedvaldomagalhaes.com.br\/wp-content\/uploads\/2020\/01\/IMG-20200122-WA0138-1024x576.jpg\" alt=\"\" class=\"wp-image-51047\" srcset=\"https:\/\/blogdoedvaldomagalhaes.com.br\/wp-content\/uploads\/2020\/01\/IMG-20200122-WA0138-1024x576.jpg 1024w, https:\/\/blogdoedvaldomagalhaes.com.br\/wp-content\/uploads\/2020\/01\/IMG-20200122-WA0138-300x169.jpg 300w, https:\/\/blogdoedvaldomagalhaes.com.br\/wp-content\/uploads\/2020\/01\/IMG-20200122-WA0138-768x432.jpg 768w, https:\/\/blogdoedvaldomagalhaes.com.br\/wp-content\/uploads\/2020\/01\/IMG-20200122-WA0138-720x405.jpg 720w, https:\/\/blogdoedvaldomagalhaes.com.br\/wp-content\/uploads\/2020\/01\/IMG-20200122-WA0138.jpg 1032w\" sizes=\"auto, (max-width: 1024px) 100vw, 1024px\" \/><\/figure>\n\n\n\n<figure class=\"wp-block-image size-large\"><img loading=\"lazy\" decoding=\"async\" width=\"1024\" height=\"682\" src=\"http:\/\/blogdoedvaldomagalhaes.com.br\/wp-content\/uploads\/2020\/01\/IMG-20200122-WA0207-1024x682.jpg\" alt=\"\" class=\"wp-image-51057\" srcset=\"https:\/\/blogdoedvaldomagalhaes.com.br\/wp-content\/uploads\/2020\/01\/IMG-20200122-WA0207-1024x682.jpg 1024w, https:\/\/blogdoedvaldomagalhaes.com.br\/wp-content\/uploads\/2020\/01\/IMG-20200122-WA0207-300x200.jpg 300w, https:\/\/blogdoedvaldomagalhaes.com.br\/wp-content\/uploads\/2020\/01\/IMG-20200122-WA0207-768x512.jpg 768w, https:\/\/blogdoedvaldomagalhaes.com.br\/wp-content\/uploads\/2020\/01\/IMG-20200122-WA0207.jpg 1280w\" sizes=\"auto, (max-width: 1024px) 100vw, 1024px\" \/><\/figure>\n\n\n\n<figure class=\"wp-block-image size-large\"><img loading=\"lazy\" decoding=\"async\" width=\"1024\" height=\"576\" src=\"http:\/\/blogdoedvaldomagalhaes.com.br\/wp-content\/uploads\/2020\/01\/IMG-20200122-WA0122-1024x576.jpeg\" alt=\"\" class=\"wp-image-51048\" srcset=\"https:\/\/blogdoedvaldomagalhaes.com.br\/wp-content\/uploads\/2020\/01\/IMG-20200122-WA0122-1024x576.jpeg 1024w, https:\/\/blogdoedvaldomagalhaes.com.br\/wp-content\/uploads\/2020\/01\/IMG-20200122-WA0122-300x169.jpeg 300w, https:\/\/blogdoedvaldomagalhaes.com.br\/wp-content\/uploads\/2020\/01\/IMG-20200122-WA0122-768x432.jpeg 768w, https:\/\/blogdoedvaldomagalhaes.com.br\/wp-content\/uploads\/2020\/01\/IMG-20200122-WA0122-1536x864.jpeg 1536w, https:\/\/blogdoedvaldomagalhaes.com.br\/wp-content\/uploads\/2020\/01\/IMG-20200122-WA0122-2048x1152.jpeg 2048w, https:\/\/blogdoedvaldomagalhaes.com.br\/wp-content\/uploads\/2020\/01\/IMG-20200122-WA0122-1140x641.jpeg 1140w, https:\/\/blogdoedvaldomagalhaes.com.br\/wp-content\/uploads\/2020\/01\/IMG-20200122-WA0122-720x405.jpeg 720w\" sizes=\"auto, (max-width: 1024px) 100vw, 1024px\" \/><\/figure>\n\n\n\n<figure class=\"wp-block-image size-large\"><img loading=\"lazy\" decoding=\"async\" width=\"1024\" height=\"576\" src=\"http:\/\/blogdoedvaldomagalhaes.com.br\/wp-content\/uploads\/2020\/01\/IMG-20200122-WA0135-1024x576.jpeg\" alt=\"\" class=\"wp-image-51049\" srcset=\"https:\/\/blogdoedvaldomagalhaes.com.br\/wp-content\/uploads\/2020\/01\/IMG-20200122-WA0135-1024x576.jpeg 1024w, https:\/\/blogdoedvaldomagalhaes.com.br\/wp-content\/uploads\/2020\/01\/IMG-20200122-WA0135-300x169.jpeg 300w, https:\/\/blogdoedvaldomagalhaes.com.br\/wp-content\/uploads\/2020\/01\/IMG-20200122-WA0135-768x432.jpeg 768w, https:\/\/blogdoedvaldomagalhaes.com.br\/wp-content\/uploads\/2020\/01\/IMG-20200122-WA0135-1536x864.jpeg 1536w, https:\/\/blogdoedvaldomagalhaes.com.br\/wp-content\/uploads\/2020\/01\/IMG-20200122-WA0135-2048x1152.jpeg 2048w, https:\/\/blogdoedvaldomagalhaes.com.br\/wp-content\/uploads\/2020\/01\/IMG-20200122-WA0135-1140x641.jpeg 1140w, https:\/\/blogdoedvaldomagalhaes.com.br\/wp-content\/uploads\/2020\/01\/IMG-20200122-WA0135-720x405.jpeg 720w\" sizes=\"auto, (max-width: 1024px) 100vw, 1024px\" \/><\/figure>\n\n\n\n<figure class=\"wp-block-image size-large\"><img loading=\"lazy\" decoding=\"async\" width=\"1024\" height=\"576\" src=\"http:\/\/blogdoedvaldomagalhaes.com.br\/wp-content\/uploads\/2020\/01\/IMG-20200122-WA0144-1024x576.jpeg\" alt=\"\" class=\"wp-image-51051\" srcset=\"https:\/\/blogdoedvaldomagalhaes.com.br\/wp-content\/uploads\/2020\/01\/IMG-20200122-WA0144-1024x576.jpeg 1024w, https:\/\/blogdoedvaldomagalhaes.com.br\/wp-content\/uploads\/2020\/01\/IMG-20200122-WA0144-300x169.jpeg 300w, https:\/\/blogdoedvaldomagalhaes.com.br\/wp-content\/uploads\/2020\/01\/IMG-20200122-WA0144-768x432.jpeg 768w, https:\/\/blogdoedvaldomagalhaes.com.br\/wp-content\/uploads\/2020\/01\/IMG-20200122-WA0144-1536x864.jpeg 1536w, https:\/\/blogdoedvaldomagalhaes.com.br\/wp-content\/uploads\/2020\/01\/IMG-20200122-WA0144-2048x1152.jpeg 2048w, https:\/\/blogdoedvaldomagalhaes.com.br\/wp-content\/uploads\/2020\/01\/IMG-20200122-WA0144-1140x641.jpeg 1140w, https:\/\/blogdoedvaldomagalhaes.com.br\/wp-content\/uploads\/2020\/01\/IMG-20200122-WA0144-720x405.jpeg 720w\" sizes=\"auto, (max-width: 1024px) 100vw, 1024px\" \/><\/figure>\n\n\n\n<figure class=\"wp-block-image size-large\"><img loading=\"lazy\" decoding=\"async\" width=\"1024\" height=\"576\" src=\"http:\/\/blogdoedvaldomagalhaes.com.br\/wp-content\/uploads\/2020\/01\/IMG-20200122-WA0149-1024x576.jpeg\" alt=\"\" class=\"wp-image-51052\" srcset=\"https:\/\/blogdoedvaldomagalhaes.com.br\/wp-content\/uploads\/2020\/01\/IMG-20200122-WA0149-1024x576.jpeg 1024w, https:\/\/blogdoedvaldomagalhaes.com.br\/wp-content\/uploads\/2020\/01\/IMG-20200122-WA0149-300x169.jpeg 300w, https:\/\/blogdoedvaldomagalhaes.com.br\/wp-content\/uploads\/2020\/01\/IMG-20200122-WA0149-768x432.jpeg 768w, https:\/\/blogdoedvaldomagalhaes.com.br\/wp-content\/uploads\/2020\/01\/IMG-20200122-WA0149-1536x864.jpeg 1536w, https:\/\/blogdoedvaldomagalhaes.com.br\/wp-content\/uploads\/2020\/01\/IMG-20200122-WA0149-2048x1152.jpeg 2048w, https:\/\/blogdoedvaldomagalhaes.com.br\/wp-content\/uploads\/2020\/01\/IMG-20200122-WA0149-1140x641.jpeg 1140w, https:\/\/blogdoedvaldomagalhaes.com.br\/wp-content\/uploads\/2020\/01\/IMG-20200122-WA0149-720x405.jpeg 720w\" sizes=\"auto, (max-width: 1024px) 100vw, 1024px\" \/><\/figure>\n\n\n\n<figure class=\"wp-block-image size-large\"><img loading=\"lazy\" decoding=\"async\" width=\"1024\" height=\"576\" src=\"http:\/\/blogdoedvaldomagalhaes.com.br\/wp-content\/uploads\/2020\/01\/IMG-20200122-WA0147-1024x576.jpeg\" alt=\"\" class=\"wp-image-51053\" srcset=\"https:\/\/blogdoedvaldomagalhaes.com.br\/wp-content\/uploads\/2020\/01\/IMG-20200122-WA0147-1024x576.jpeg 1024w, https:\/\/blogdoedvaldomagalhaes.com.br\/wp-content\/uploads\/2020\/01\/IMG-20200122-WA0147-300x169.jpeg 300w, https:\/\/blogdoedvaldomagalhaes.com.br\/wp-content\/uploads\/2020\/01\/IMG-20200122-WA0147-768x432.jpeg 768w, https:\/\/blogdoedvaldomagalhaes.com.br\/wp-content\/uploads\/2020\/01\/IMG-20200122-WA0147-1536x864.jpeg 1536w, https:\/\/blogdoedvaldomagalhaes.com.br\/wp-content\/uploads\/2020\/01\/IMG-20200122-WA0147-2048x1152.jpeg 2048w, https:\/\/blogdoedvaldomagalhaes.com.br\/wp-content\/uploads\/2020\/01\/IMG-20200122-WA0147-1140x641.jpeg 1140w, https:\/\/blogdoedvaldomagalhaes.com.br\/wp-content\/uploads\/2020\/01\/IMG-20200122-WA0147-720x405.jpeg 720w\" sizes=\"auto, (max-width: 1024px) 100vw, 1024px\" \/><\/figure>\n\n\n\n<figure class=\"wp-block-image size-large\"><img loading=\"lazy\" decoding=\"async\" width=\"1024\" height=\"682\" src=\"http:\/\/blogdoedvaldomagalhaes.com.br\/wp-content\/uploads\/2020\/01\/IMG-20200122-WA0203-1024x682.jpg\" alt=\"\" class=\"wp-image-51059\" srcset=\"https:\/\/blogdoedvaldomagalhaes.com.br\/wp-content\/uploads\/2020\/01\/IMG-20200122-WA0203-1024x682.jpg 1024w, https:\/\/blogdoedvaldomagalhaes.com.br\/wp-content\/uploads\/2020\/01\/IMG-20200122-WA0203-300x200.jpg 300w, https:\/\/blogdoedvaldomagalhaes.com.br\/wp-content\/uploads\/2020\/01\/IMG-20200122-WA0203-768x512.jpg 768w, https:\/\/blogdoedvaldomagalhaes.com.br\/wp-content\/uploads\/2020\/01\/IMG-20200122-WA0203.jpg 1280w\" sizes=\"auto, (max-width: 1024px) 100vw, 1024px\" \/><\/figure>\n\n\n\n<figure class=\"wp-block-image size-large\"><img loading=\"lazy\" decoding=\"async\" width=\"1024\" height=\"682\" src=\"http:\/\/blogdoedvaldomagalhaes.com.br\/wp-content\/uploads\/2020\/01\/IMG-20200122-WA0208-1024x682.jpg\" alt=\"\" class=\"wp-image-51060\" srcset=\"https:\/\/blogdoedvaldomagalhaes.com.br\/wp-content\/uploads\/2020\/01\/IMG-20200122-WA0208-1024x682.jpg 1024w, https:\/\/blogdoedvaldomagalhaes.com.br\/wp-content\/uploads\/2020\/01\/IMG-20200122-WA0208-300x200.jpg 300w, https:\/\/blogdoedvaldomagalhaes.com.br\/wp-content\/uploads\/2020\/01\/IMG-20200122-WA0208-768x512.jpg 768w, https:\/\/blogdoedvaldomagalhaes.com.br\/wp-content\/uploads\/2020\/01\/IMG-20200122-WA0208.jpg 1280w\" sizes=\"auto, (max-width: 1024px) 100vw, 1024px\" \/><\/figure>\n","protected":false},"excerpt":{"rendered":"<p>O governador Paulo C\u00e2mara assinou, nesta quarta-feira (22), a ordem de servi\u00e7o para o in\u00edcio das obras de requalifica\u00e7\u00e3o e&hellip;<\/p>\n","protected":false},"author":1,"featured_media":51044,"comment_status":"open","ping_status":"open","sticky":false,"template":"","format":"standard","meta":{"footnotes":""},"categories":[14122],"tags":[2,16881,17141],"class_list":["post-51043","post","type-post","status-publish","format-standard","has-post-thumbnail","hentry","category-politica","tag-blog-do-edvaldo-magalhaes","tag-caruaru-e-regiao","tag-governador-anuncia-ampliacao-do-saneamento-em-caruaru-e-bezerros-pe-nesta-quarta-22"],"_links":{"self":[{"href":"https:\/\/blogdoedvaldomagalhaes.com.br\/index.php\/wp-json\/wp\/v2\/posts\/51043","targetHints":{"allow":["GET"]}}],"collection":[{"href":"https:\/\/blogdoedvaldomagalhaes.com.br\/index.php\/wp-json\/wp\/v2\/posts"}],"about":[{"href":"https:\/\/blogdoedvaldomagalhaes.com.br\/index.php\/wp-json\/wp\/v2\/types\/post"}],"author":[{"embeddable":true,"href":"https:\/\/blogdoedvaldomagalhaes.com.br\/index.php\/wp-json\/wp\/v2\/users\/1"}],"replies":[{"embeddable":true,"href":"https:\/\/blogdoedvaldomagalhaes.com.br\/index.php\/wp-json\/wp\/v2\/comments?post=51043"}],"version-history":[{"count":7,"href":"https:\/\/blogdoedvaldomagalhaes.com.br\/index.php\/wp-json\/wp\/v2\/posts\/51043\/revisions"}],"predecessor-version":[{"id":51063,"href":"https:\/\/blogdoedvaldomagalhaes.com.br\/index.php\/wp-json\/wp\/v2\/posts\/51043\/revisions\/51063"}],"wp:featuredmedia":[{"embeddable":true,"href":"https:\/\/blogdoedvaldomagalhaes.com.br\/index.php\/wp-json\/wp\/v2\/media\/51044"}],"wp:attachment":[{"href":"https:\/\/blogdoedvaldomagalhaes.com.br\/index.php\/wp-json\/wp\/v2\/media?parent=51043"}],"wp:term":[{"taxonomy":"category","embeddable":true,"href":"https:\/\/blogdoedvaldomagalhaes.com.br\/index.php\/wp-json\/wp\/v2\/categories?post=51043"},{"taxonomy":"post_tag","embeddable":true,"href":"https:\/\/blogdoedvaldomagalhaes.com.br\/index.php\/wp-json\/wp\/v2\/tags?post=51043"}],"curies":[{"name":"wp","href":"https:\/\/api.w.org\/{rel}","templated":true}]}}