{"id":51038,"date":"2020-01-22T19:01:28","date_gmt":"2020-01-22T22:01:28","guid":{"rendered":"http:\/\/blogdoedvaldomagalhaes.com.br\/?p=51038"},"modified":"2020-01-22T19:01:36","modified_gmt":"2020-01-22T22:01:36","slug":"mais-atletas-do-caruaru-city-sao-convocados-para-a-selecao-brasileira-de-fut7","status":"publish","type":"post","link":"https:\/\/blogdoedvaldomagalhaes.com.br\/index.php\/2020\/01\/22\/mais-atletas-do-caruaru-city-sao-convocados-para-a-selecao-brasileira-de-fut7\/","title":{"rendered":"Mais atletas do Caruaru City s\u00e3o convocados para a Sele\u00e7\u00e3o Brasileira de Fut7"},"content":{"rendered":"<p style=\"text-align: justify;\">M<span style=\"font-size: inherit;\">ais tr\u00eas atletas da escola de futebol do Caruaru City foram convocados para defender a Sele\u00e7\u00e3o Brasileira de Futebol 7, que vai disputar o campeonato internacional INTI CUP. A competi\u00e7\u00e3o ser\u00e1 realizada de 30 de janeiro a 5 de fevereiro em Lima, capital do Peru.<\/span><\/p>\n<p style=\"text-align: justify;\">Os atletas Jos\u00e9 Eduardo (goleiro), Jos\u00e9 Miguel (ala) e Marco Ant\u00f4nio (meia), da categoria sub-12, j\u00e1 est\u00e3o em Recife, onde participam dos treinos preparat\u00f3rios para a disputa da competi\u00e7\u00e3o. O trio se junta aos atletas Guilherme Layme e Hiago Gabriel, ambos do sub-8, que tamb\u00e9m foram convocados no in\u00edcio deste ano.<\/p>\n<p style=\"text-align: justify;\">No total, cinco atletas da escola de futebol do Caruaru City foram convocados e ser\u00e3o os representantes do futebol de Caruaru e regi\u00e3o na Sele\u00e7\u00e3o Brasileira. Para a diretoria do clube, a convoca\u00e7\u00e3o \u00e9 resultado de um trabalho metodol\u00f3gico moderno, que vem garantindo mais oportunidades para crian\u00e7as e adolescentes de toda regi\u00e3o.<\/p>\n<p style=\"text-align: justify;\">De acordo com a Federa\u00e7\u00e3o Estadual de Futebol 7 Society de Pernambuco (F7SPE), que faz a convoca\u00e7\u00e3o, com o aval da Confedera\u00e7\u00e3o de Futebol 7 do Brasil, o convite \u00e9 um pr\u00eamio para os atletas que mais se destacaram ao longo de 2019. Nesta faixa et\u00e1ria, as despesas da competi\u00e7\u00e3o s\u00e3o bancadas de forma integral pelos pais dos atletas. A fam\u00edlia do goleiro Jos\u00e9 Eduardo disponibilizou uma conta para quem quiser contribuir: Caixa Econ\u00f4mica Federal \/ AG: 0051 \/ OP: 013 \/ CP: 187252-4 em nome de Wedna Barbosa Serodio.<\/p>\n<p style=\"text-align: justify;\">Imagem: Miguel, Marco e Eduardo &#8211; Foto: Ascom Caruaru City<\/p>\n","protected":false},"excerpt":{"rendered":"<p>Mais tr\u00eas atletas da escola de futebol do Caruaru City foram convocados para defender a Sele\u00e7\u00e3o Brasileira de Futebol 7,&hellip;<\/p>\n","protected":false},"author":1,"featured_media":51039,"comment_status":"open","ping_status":"open","sticky":false,"template":"","format":"standard","meta":{"footnotes":""},"categories":[14123],"tags":[2,16881,17140],"class_list":["post-51038","post","type-post","status-publish","format-standard","has-post-thumbnail","hentry","category-futebol","tag-blog-do-edvaldo-magalhaes","tag-caruaru-e-regiao","tag-mais-atletas-do-caruaru-city-sao-convocados-para-a-selecao-brasileira-de-fut7"],"_links":{"self":[{"href":"https:\/\/blogdoedvaldomagalhaes.com.br\/index.php\/wp-json\/wp\/v2\/posts\/51038","targetHints":{"allow":["GET"]}}],"collection":[{"href":"https:\/\/blogdoedvaldomagalhaes.com.br\/index.php\/wp-json\/wp\/v2\/posts"}],"about":[{"href":"https:\/\/blogdoedvaldomagalhaes.com.br\/index.php\/wp-json\/wp\/v2\/types\/post"}],"author":[{"embeddable":true,"href":"https:\/\/blogdoedvaldomagalhaes.com.br\/index.php\/wp-json\/wp\/v2\/users\/1"}],"replies":[{"embeddable":true,"href":"https:\/\/blogdoedvaldomagalhaes.com.br\/index.php\/wp-json\/wp\/v2\/comments?post=51038"}],"version-history":[{"count":1,"href":"https:\/\/blogdoedvaldomagalhaes.com.br\/index.php\/wp-json\/wp\/v2\/posts\/51038\/revisions"}],"predecessor-version":[{"id":51040,"href":"https:\/\/blogdoedvaldomagalhaes.com.br\/index.php\/wp-json\/wp\/v2\/posts\/51038\/revisions\/51040"}],"wp:featuredmedia":[{"embeddable":true,"href":"https:\/\/blogdoedvaldomagalhaes.com.br\/index.php\/wp-json\/wp\/v2\/media\/51039"}],"wp:attachment":[{"href":"https:\/\/blogdoedvaldomagalhaes.com.br\/index.php\/wp-json\/wp\/v2\/media?parent=51038"}],"wp:term":[{"taxonomy":"category","embeddable":true,"href":"https:\/\/blogdoedvaldomagalhaes.com.br\/index.php\/wp-json\/wp\/v2\/categories?post=51038"},{"taxonomy":"post_tag","embeddable":true,"href":"https:\/\/blogdoedvaldomagalhaes.com.br\/index.php\/wp-json\/wp\/v2\/tags?post=51038"}],"curies":[{"name":"wp","href":"https:\/\/api.w.org\/{rel}","templated":true}]}}