{"id":5102,"date":"2017-08-11T17:50:00","date_gmt":"2017-08-11T20:50:00","guid":{"rendered":"http:\/\/blogdoedvaldomagalhaes.com.br\/index.php\/2017\/08\/11\/prefeitura-de-caruaru-realiza-reparos\/"},"modified":"2019-02-09T01:38:47","modified_gmt":"2019-02-09T03:38:47","slug":"prefeitura-de-caruaru-realiza-reparos","status":"publish","type":"post","link":"https:\/\/blogdoedvaldomagalhaes.com.br\/index.php\/2017\/08\/11\/prefeitura-de-caruaru-realiza-reparos\/","title":{"rendered":"Prefeitura de Caruaru realiza reparos nos sem\u00e1foros de Caruaru"},"content":{"rendered":"<div class=\"separator\" style=\"clear: both; text-align: center;\">\n<a href=\"https:\/\/2.bp.blogspot.com\/-C1CJOZHA6AY\/WY3tt7olr_I\/AAAAAAAAbYE\/C5uC5F9LmdMd4tqz36BxNFTf_-4DHeN1gCLcBGAs\/s1600\/sinais.jpg\" imageanchor=\"1\" style=\"margin-left: 1em; margin-right: 1em;\"><img loading=\"lazy\" decoding=\"async\" border=\"0\" data-original-height=\"194\" data-original-width=\"259\" height=\"299\" src=\"http:\/\/blogdoedvaldomagalhaes.com.br\/wp-content\/uploads\/2017\/08\/sinais.jpg\" width=\"400\" \/><\/a><\/div>\n<div class=\"MsoNormal\" style=\"text-align: justify;\">\n<\/div>\n<div class=\"MsoNormal\" style=\"text-align: justify;\">\nDurante essa semana, a<br \/>\nAutarquia Municipal de Defesa Social, Tr\u00e2nsito e Transportes de Caruaru<br \/>\n(Destra) realizou manuten\u00e7\u00e3o nos sem\u00e1foros da cidade. Foram mais de dez sinais<br \/>\nque, ap\u00f3s as chuvas e constantes quedas de energias, sofreram algum tipo de<br \/>\naltera\u00e7\u00e3o ou ficaram danificados. \u201cRealizamos v\u00e1rios reparos emergenciais e,<br \/>\nalgumas vezes, nossos agentes fizeram um trabalho de orienta\u00e7\u00e3o em sem\u00e1foros<br \/>\napagados para n\u00e3o tumultuar o tr\u00e2nsito, principalmente no Centro. Agora,<br \/>\nconsertamos todos os que estavam apresentando falhas e vamos continuar esse<br \/>\ntrabalho de manuten\u00e7\u00e3o tamb\u00e9m nos bairros\u201d, afirma a diretora de tr\u00e2nsito,<br \/>\nAdriana Leite.<\/div>\n<div class=\"MsoNormal\" style=\"text-align: justify;\">\n<\/div>\n<p><\/p>\n<div class=\"MsoNormal\" style=\"text-align: justify;\">\nForam reparados os sem\u00e1foros<br \/>\ndas ruas Capit\u00e3o Jo\u00e3o Velho (Centro), Felipe Camar\u00e3o (Centro), Bahia (Divin\u00f3polis),<br \/>\nManoel de Abreu (Centro), BR 104 (em frente ao Citi Hotel), S\u00e3o Paulo (centro),<br \/>\nPorto Alegre (Centro), Avenidas Le\u00e3o Dourado, Agamenon Magalh\u00e3es em tr\u00eas pontos<br \/>\ndiferentes (Maur\u00edcio de Nassau) e Vera Cruz no bairro S\u00e3o Francisco, al\u00e9m de<br \/>\nviadutos. Alguns sem\u00e1foros v\u00e3o passar por manuten\u00e7\u00e3o na pr\u00f3xima semana. Para<br \/>\nqualquer problema relacionado ao tr\u00e2nsito, a popula\u00e7\u00e3o pode entrar em contato<br \/>\ncom a Destra atrav\u00e9s do 118.<\/div>\n","protected":false},"excerpt":{"rendered":"<p>Durante essa semana, a Autarquia Municipal de Defesa Social, Tr\u00e2nsito e Transportes de Caruaru (Destra) realizou manuten\u00e7\u00e3o nos sem\u00e1foros da&hellip;<\/p>\n","protected":false},"author":1,"featured_media":0,"comment_status":"open","ping_status":"open","sticky":false,"template":"","format":"standard","meta":{"footnotes":""},"categories":[1],"tags":[6626,6627,2,6,6628,6629],"class_list":["post-5102","post","type-post","status-publish","format-standard","hentry","category-sem-categoria","tag-agamenon-magalhaes","tag-avenidas-leao-dourado","tag-blog-do-edvaldo-magalhaes","tag-noticias","tag-porto-alegre-centro","tag-prefeitura-de-caruaru-realiza-reparos-nos-semaforos-de-caruaru"],"_links":{"self":[{"href":"https:\/\/blogdoedvaldomagalhaes.com.br\/index.php\/wp-json\/wp\/v2\/posts\/5102","targetHints":{"allow":["GET"]}}],"collection":[{"href":"https:\/\/blogdoedvaldomagalhaes.com.br\/index.php\/wp-json\/wp\/v2\/posts"}],"about":[{"href":"https:\/\/blogdoedvaldomagalhaes.com.br\/index.php\/wp-json\/wp\/v2\/types\/post"}],"author":[{"embeddable":true,"href":"https:\/\/blogdoedvaldomagalhaes.com.br\/index.php\/wp-json\/wp\/v2\/users\/1"}],"replies":[{"embeddable":true,"href":"https:\/\/blogdoedvaldomagalhaes.com.br\/index.php\/wp-json\/wp\/v2\/comments?post=5102"}],"version-history":[{"count":1,"href":"https:\/\/blogdoedvaldomagalhaes.com.br\/index.php\/wp-json\/wp\/v2\/posts\/5102\/revisions"}],"predecessor-version":[{"id":22966,"href":"https:\/\/blogdoedvaldomagalhaes.com.br\/index.php\/wp-json\/wp\/v2\/posts\/5102\/revisions\/22966"}],"wp:attachment":[{"href":"https:\/\/blogdoedvaldomagalhaes.com.br\/index.php\/wp-json\/wp\/v2\/media?parent=5102"}],"wp:term":[{"taxonomy":"category","embeddable":true,"href":"https:\/\/blogdoedvaldomagalhaes.com.br\/index.php\/wp-json\/wp\/v2\/categories?post=5102"},{"taxonomy":"post_tag","embeddable":true,"href":"https:\/\/blogdoedvaldomagalhaes.com.br\/index.php\/wp-json\/wp\/v2\/tags?post=5102"}],"curies":[{"name":"wp","href":"https:\/\/api.w.org\/{rel}","templated":true}]}}