{"id":51007,"date":"2020-01-22T16:45:38","date_gmt":"2020-01-22T19:45:38","guid":{"rendered":"http:\/\/blogdoedvaldomagalhaes.com.br\/?p=51007"},"modified":"2020-01-22T16:45:41","modified_gmt":"2020-01-22T19:45:41","slug":"pm-faz-prisoes-e-grande-apreensao-em-agrestina-pe","status":"publish","type":"post","link":"https:\/\/blogdoedvaldomagalhaes.com.br\/index.php\/2020\/01\/22\/pm-faz-prisoes-e-grande-apreensao-em-agrestina-pe\/","title":{"rendered":"PM faz pris\u00f5es e grande apreens\u00e3o em Agrestina-PE"},"content":{"rendered":"<p style=\"text-align: justify;\">P<span style=\"font-size: inherit;\">oliciais militares do 4\u00ba BPM prenderam, em Agrestina, \u00e0s 6h da manh\u00e3 desta quarta-feira (22\/01), duas integrantes de uma organiza\u00e7\u00e3o criminosa especializada em roubos a sulanqueiros, entre o Trevo do Formigueiro e as cidades de Agrestina, Altinho e Caruaru. Com a dupla, o efetivo apreendeu uma arma de fogo, muni\u00e7\u00f5es e grande quantidade de drogas.<\/span><\/p>\n<p style=\"text-align: justify;\">Com informa\u00e7\u00f5es repassadas pelo N\u00facleo de Intelig\u00eancia do Agreste, os policiais se deslocaram at\u00e9 o s\u00edtio Barra do Riach\u00e3o, na zona rural de Agrestina, onde estavam as mulheres. Os principais alvos da opera\u00e7\u00e3o, um homem com mandado de pris\u00e3o em aberto e outro, ex-presidi\u00e1rio, conseguiram escapar antes da chegada das viaturas.<\/p>\n<p style=\"text-align: justify;\">As mulheres, e o material apreendido (uma pistola calibre .380 com 32 muni\u00e7\u00f5es, outras tr\u00eas muni\u00e7\u00f5es calibre 38, uma balan\u00e7a de precis\u00e3o, um r\u00e1dio comunicador, 1,518kg de crack, 6,850kg de coca\u00edna, 23,520kg de maconha, R$ 415,00 em esp\u00e9cie, tr\u00eas ve\u00edculos, sem restri\u00e7\u00e3o de roubo mas usados em assaltos, e um caminh\u00e3o com placa clonada) foram encaminhados para a Delegacia de Pol\u00edcia do munic\u00edpio para a tomada das medidas cab\u00edveis.<\/p>\n\n\n<figure class=\"wp-block-image size-large\"><img loading=\"lazy\" decoding=\"async\" width=\"1024\" height=\"575\" src=\"http:\/\/blogdoedvaldomagalhaes.com.br\/wp-content\/uploads\/2020\/01\/IMG-20200122-WA0154-1024x575.jpg\" alt=\"\" class=\"wp-image-51009\" srcset=\"https:\/\/blogdoedvaldomagalhaes.com.br\/wp-content\/uploads\/2020\/01\/IMG-20200122-WA0154-1024x575.jpg 1024w, https:\/\/blogdoedvaldomagalhaes.com.br\/wp-content\/uploads\/2020\/01\/IMG-20200122-WA0154-300x169.jpg 300w, https:\/\/blogdoedvaldomagalhaes.com.br\/wp-content\/uploads\/2020\/01\/IMG-20200122-WA0154-768x431.jpg 768w, https:\/\/blogdoedvaldomagalhaes.com.br\/wp-content\/uploads\/2020\/01\/IMG-20200122-WA0154-1140x641.jpg 1140w, https:\/\/blogdoedvaldomagalhaes.com.br\/wp-content\/uploads\/2020\/01\/IMG-20200122-WA0154-720x405.jpg 720w, https:\/\/blogdoedvaldomagalhaes.com.br\/wp-content\/uploads\/2020\/01\/IMG-20200122-WA0154.jpg 1280w\" sizes=\"auto, (max-width: 1024px) 100vw, 1024px\" \/><\/figure>\n\n\n\n<figure class=\"wp-block-image size-large\"><img loading=\"lazy\" decoding=\"async\" width=\"1024\" height=\"575\" src=\"http:\/\/blogdoedvaldomagalhaes.com.br\/wp-content\/uploads\/2020\/01\/IMG-20200122-WA0153-1024x575.jpg\" alt=\"\" class=\"wp-image-51010\" srcset=\"https:\/\/blogdoedvaldomagalhaes.com.br\/wp-content\/uploads\/2020\/01\/IMG-20200122-WA0153-1024x575.jpg 1024w, https:\/\/blogdoedvaldomagalhaes.com.br\/wp-content\/uploads\/2020\/01\/IMG-20200122-WA0153-300x169.jpg 300w, https:\/\/blogdoedvaldomagalhaes.com.br\/wp-content\/uploads\/2020\/01\/IMG-20200122-WA0153-768x431.jpg 768w, https:\/\/blogdoedvaldomagalhaes.com.br\/wp-content\/uploads\/2020\/01\/IMG-20200122-WA0153-1140x641.jpg 1140w, https:\/\/blogdoedvaldomagalhaes.com.br\/wp-content\/uploads\/2020\/01\/IMG-20200122-WA0153-720x405.jpg 720w, https:\/\/blogdoedvaldomagalhaes.com.br\/wp-content\/uploads\/2020\/01\/IMG-20200122-WA0153.jpg 1280w\" sizes=\"auto, (max-width: 1024px) 100vw, 1024px\" \/><\/figure>\n","protected":false},"excerpt":{"rendered":"<p>Policiais militares do 4\u00ba BPM prenderam, em Agrestina, \u00e0s 6h da manh\u00e3 desta quarta-feira (22\/01), duas integrantes de uma organiza\u00e7\u00e3o&hellip;<\/p>\n","protected":false},"author":1,"featured_media":51008,"comment_status":"open","ping_status":"open","sticky":false,"template":"","format":"standard","meta":{"footnotes":""},"categories":[14121],"tags":[2,16881,17137],"class_list":["post-51007","post","type-post","status-publish","format-standard","has-post-thumbnail","hentry","category-policial","tag-blog-do-edvaldo-magalhaes","tag-caruaru-e-regiao","tag-pm-faz-prisoes-e-grande-apreensao-em-agrestina-pe"],"_links":{"self":[{"href":"https:\/\/blogdoedvaldomagalhaes.com.br\/index.php\/wp-json\/wp\/v2\/posts\/51007","targetHints":{"allow":["GET"]}}],"collection":[{"href":"https:\/\/blogdoedvaldomagalhaes.com.br\/index.php\/wp-json\/wp\/v2\/posts"}],"about":[{"href":"https:\/\/blogdoedvaldomagalhaes.com.br\/index.php\/wp-json\/wp\/v2\/types\/post"}],"author":[{"embeddable":true,"href":"https:\/\/blogdoedvaldomagalhaes.com.br\/index.php\/wp-json\/wp\/v2\/users\/1"}],"replies":[{"embeddable":true,"href":"https:\/\/blogdoedvaldomagalhaes.com.br\/index.php\/wp-json\/wp\/v2\/comments?post=51007"}],"version-history":[{"count":1,"href":"https:\/\/blogdoedvaldomagalhaes.com.br\/index.php\/wp-json\/wp\/v2\/posts\/51007\/revisions"}],"predecessor-version":[{"id":51011,"href":"https:\/\/blogdoedvaldomagalhaes.com.br\/index.php\/wp-json\/wp\/v2\/posts\/51007\/revisions\/51011"}],"wp:featuredmedia":[{"embeddable":true,"href":"https:\/\/blogdoedvaldomagalhaes.com.br\/index.php\/wp-json\/wp\/v2\/media\/51008"}],"wp:attachment":[{"href":"https:\/\/blogdoedvaldomagalhaes.com.br\/index.php\/wp-json\/wp\/v2\/media?parent=51007"}],"wp:term":[{"taxonomy":"category","embeddable":true,"href":"https:\/\/blogdoedvaldomagalhaes.com.br\/index.php\/wp-json\/wp\/v2\/categories?post=51007"},{"taxonomy":"post_tag","embeddable":true,"href":"https:\/\/blogdoedvaldomagalhaes.com.br\/index.php\/wp-json\/wp\/v2\/tags?post=51007"}],"curies":[{"name":"wp","href":"https:\/\/api.w.org\/{rel}","templated":true}]}}