{"id":50902,"date":"2020-01-21T09:42:41","date_gmt":"2020-01-21T12:42:41","guid":{"rendered":"http:\/\/blogdoedvaldomagalhaes.com.br\/?p=50902"},"modified":"2020-01-21T20:41:04","modified_gmt":"2020-01-21T23:41:04","slug":"homicidio-na-zona-rural-de-riacho-das-almas-nesta-terca-21","status":"publish","type":"post","link":"https:\/\/blogdoedvaldomagalhaes.com.br\/index.php\/2020\/01\/21\/homicidio-na-zona-rural-de-riacho-das-almas-nesta-terca-21\/","title":{"rendered":"Homic\u00eddio na zona rural de Riacho das Almas nesta ter\u00e7a (21)"},"content":{"rendered":"<p style=\"text-align: justify;\">O crime de morte foi registrado no s\u00edtio Serra Verde, zona rural de Riacho das Almas, na manh\u00e3 desta ter\u00e7a-feira (21). A v\u00edtima foi William Adenilson da Silva Ribeiro, de 26 anos, seguran\u00e7a no s\u00edtio Bandeira de Riacho das Almas.<\/p>\n<p style=\"text-align: justify;\">De acordo com informa\u00e7\u00f5es da pol\u00edcia, a v\u00edtima estava em um posto de combust\u00edvel, quando dois indiv\u00edduos chegaram em um ve\u00edculo Onix de cor prata, um deles desceu do carro e come\u00e7ou a efetuar disparos de arma de fogo contra a v\u00edtima, que correu, mas foi assassinado, em seguida os algozes fugiram. O corpo ser\u00e1 encaminhado para o IML de Caruaru.<\/p>\n\n\n<figure class=\"wp-block-image size-large\"><img loading=\"lazy\" decoding=\"async\" width=\"865\" height=\"1024\" src=\"http:\/\/blogdoedvaldomagalhaes.com.br\/wp-content\/uploads\/2020\/01\/IMG-20200121-WA0035-865x1024.jpg\" alt=\"\" class=\"wp-image-50903\" srcset=\"https:\/\/blogdoedvaldomagalhaes.com.br\/wp-content\/uploads\/2020\/01\/IMG-20200121-WA0035-865x1024.jpg 865w, https:\/\/blogdoedvaldomagalhaes.com.br\/wp-content\/uploads\/2020\/01\/IMG-20200121-WA0035-253x300.jpg 253w, https:\/\/blogdoedvaldomagalhaes.com.br\/wp-content\/uploads\/2020\/01\/IMG-20200121-WA0035-768x909.jpg 768w, https:\/\/blogdoedvaldomagalhaes.com.br\/wp-content\/uploads\/2020\/01\/IMG-20200121-WA0035.jpg 989w\" sizes=\"auto, (max-width: 865px) 100vw, 865px\" \/><figcaption>V\u00edtima<\/figcaption><\/figure>\n","protected":false},"excerpt":{"rendered":"<p>O crime de morte foi registrado no s\u00edtio Serra Verde, zona rural de Riacho das Almas, na manh\u00e3 desta ter\u00e7a-feira&hellip;<\/p>\n","protected":false},"author":1,"featured_media":50905,"comment_status":"open","ping_status":"open","sticky":false,"template":"","format":"standard","meta":{"footnotes":""},"categories":[14121],"tags":[2,16881,17126],"class_list":["post-50902","post","type-post","status-publish","format-standard","has-post-thumbnail","hentry","category-policial","tag-blog-do-edvaldo-magalhaes","tag-caruaru-e-regiao","tag-homicidio-na-zona-rural-de-riacho-das-almas-nesta-terca-21"],"_links":{"self":[{"href":"https:\/\/blogdoedvaldomagalhaes.com.br\/index.php\/wp-json\/wp\/v2\/posts\/50902","targetHints":{"allow":["GET"]}}],"collection":[{"href":"https:\/\/blogdoedvaldomagalhaes.com.br\/index.php\/wp-json\/wp\/v2\/posts"}],"about":[{"href":"https:\/\/blogdoedvaldomagalhaes.com.br\/index.php\/wp-json\/wp\/v2\/types\/post"}],"author":[{"embeddable":true,"href":"https:\/\/blogdoedvaldomagalhaes.com.br\/index.php\/wp-json\/wp\/v2\/users\/1"}],"replies":[{"embeddable":true,"href":"https:\/\/blogdoedvaldomagalhaes.com.br\/index.php\/wp-json\/wp\/v2\/comments?post=50902"}],"version-history":[{"count":4,"href":"https:\/\/blogdoedvaldomagalhaes.com.br\/index.php\/wp-json\/wp\/v2\/posts\/50902\/revisions"}],"predecessor-version":[{"id":50975,"href":"https:\/\/blogdoedvaldomagalhaes.com.br\/index.php\/wp-json\/wp\/v2\/posts\/50902\/revisions\/50975"}],"wp:featuredmedia":[{"embeddable":true,"href":"https:\/\/blogdoedvaldomagalhaes.com.br\/index.php\/wp-json\/wp\/v2\/media\/50905"}],"wp:attachment":[{"href":"https:\/\/blogdoedvaldomagalhaes.com.br\/index.php\/wp-json\/wp\/v2\/media?parent=50902"}],"wp:term":[{"taxonomy":"category","embeddable":true,"href":"https:\/\/blogdoedvaldomagalhaes.com.br\/index.php\/wp-json\/wp\/v2\/categories?post=50902"},{"taxonomy":"post_tag","embeddable":true,"href":"https:\/\/blogdoedvaldomagalhaes.com.br\/index.php\/wp-json\/wp\/v2\/tags?post=50902"}],"curies":[{"name":"wp","href":"https:\/\/api.w.org\/{rel}","templated":true}]}}