{"id":50884,"date":"2020-01-20T19:33:52","date_gmt":"2020-01-20T22:33:52","guid":{"rendered":"http:\/\/blogdoedvaldomagalhaes.com.br\/?p=50884"},"modified":"2020-01-20T19:41:10","modified_gmt":"2020-01-20T22:41:10","slug":"biblioteca-do-sesc-caruaru-realiza-quarta-22-e-quinta-23-o-projeto-leitura-nas-ferias","status":"publish","type":"post","link":"https:\/\/blogdoedvaldomagalhaes.com.br\/index.php\/2020\/01\/20\/biblioteca-do-sesc-caruaru-realiza-quarta-22-e-quinta-23-o-projeto-leitura-nas-ferias\/","title":{"rendered":"Biblioteca do Sesc Caruaru realiza quarta (22) e quinta (23) o projeto Leitura nas F\u00e9rias"},"content":{"rendered":"<p style=\"text-align: justify;\"><span style=\"font-size: inherit;\">Transportar as crian\u00e7as para o mundo da literatura atrav\u00e9s de conta\u00e7\u00f5es de hist\u00f3rias \u00e9 uma das premissas do Sesc em seus programas de leituras. E para incentivar as crian\u00e7as de 6 a 12 anos a viajar neste universo, neste per\u00edodo de f\u00e9rias escolares, o Sesc realiza em Caruaru o projeto Leitura nas F\u00e9rias, nos dias 22 e 23 de janeiro, das 14h \u00e0s 17h, na Biblioteca \u00c1lvaro Lins. A entrada ser\u00e1 2 Kg de alimentos n\u00e3o-perec\u00edveis que ser\u00e3o destinados ao Banco de Alimentos da unidade.<\/span><\/p>\n<p style=\"text-align: justify;\">As hist\u00f3rias que ser\u00e3o apresentadas aos participantes ter\u00e3o como tema central o meio ambiente. \u201cA ideia \u00e9 mostrar \u00e0s crian\u00e7as a import\u00e2ncia da preserva\u00e7\u00e3o do nosso planeta atrav\u00e9s dos livros e fazer delas multiplicadoras de boas a\u00e7\u00f5es em prol da natureza\u201d, explica C\u00e1ssia Pergentino, bibliotec\u00e1ria do Sesc Caruaru. A programa\u00e7\u00e3o conta ainda com apresenta\u00e7\u00e3o de filmes, oficinas art\u00edsticas e um quiz liter\u00e1rio. A cantina do Sesc estar\u00e1 aberta para a venda de lanches.<\/p>\n<p>Foto: Anderson Freitas\/Maker M\u00eddia.<\/p>\n","protected":false},"excerpt":{"rendered":"<p>Transportar as crian\u00e7as para o mundo da literatura atrav\u00e9s de conta\u00e7\u00f5es de hist\u00f3rias \u00e9 uma das premissas do Sesc em&hellip;<\/p>\n","protected":false},"author":1,"featured_media":50885,"comment_status":"open","ping_status":"open","sticky":false,"template":"","format":"standard","meta":{"footnotes":""},"categories":[14120],"tags":[17123,2,16881],"class_list":["post-50884","post","type-post","status-publish","format-standard","has-post-thumbnail","hentry","category-noticias","tag-biblioteca-do-sesc-caruaru-realiza-quarta-22-e-quinta-23-o-projeto-leitura-nas-ferias","tag-blog-do-edvaldo-magalhaes","tag-caruaru-e-regiao"],"_links":{"self":[{"href":"https:\/\/blogdoedvaldomagalhaes.com.br\/index.php\/wp-json\/wp\/v2\/posts\/50884","targetHints":{"allow":["GET"]}}],"collection":[{"href":"https:\/\/blogdoedvaldomagalhaes.com.br\/index.php\/wp-json\/wp\/v2\/posts"}],"about":[{"href":"https:\/\/blogdoedvaldomagalhaes.com.br\/index.php\/wp-json\/wp\/v2\/types\/post"}],"author":[{"embeddable":true,"href":"https:\/\/blogdoedvaldomagalhaes.com.br\/index.php\/wp-json\/wp\/v2\/users\/1"}],"replies":[{"embeddable":true,"href":"https:\/\/blogdoedvaldomagalhaes.com.br\/index.php\/wp-json\/wp\/v2\/comments?post=50884"}],"version-history":[{"count":2,"href":"https:\/\/blogdoedvaldomagalhaes.com.br\/index.php\/wp-json\/wp\/v2\/posts\/50884\/revisions"}],"predecessor-version":[{"id":50887,"href":"https:\/\/blogdoedvaldomagalhaes.com.br\/index.php\/wp-json\/wp\/v2\/posts\/50884\/revisions\/50887"}],"wp:featuredmedia":[{"embeddable":true,"href":"https:\/\/blogdoedvaldomagalhaes.com.br\/index.php\/wp-json\/wp\/v2\/media\/50885"}],"wp:attachment":[{"href":"https:\/\/blogdoedvaldomagalhaes.com.br\/index.php\/wp-json\/wp\/v2\/media?parent=50884"}],"wp:term":[{"taxonomy":"category","embeddable":true,"href":"https:\/\/blogdoedvaldomagalhaes.com.br\/index.php\/wp-json\/wp\/v2\/categories?post=50884"},{"taxonomy":"post_tag","embeddable":true,"href":"https:\/\/blogdoedvaldomagalhaes.com.br\/index.php\/wp-json\/wp\/v2\/tags?post=50884"}],"curies":[{"name":"wp","href":"https:\/\/api.w.org\/{rel}","templated":true}]}}