{"id":50879,"date":"2020-01-20T17:19:52","date_gmt":"2020-01-20T20:19:52","guid":{"rendered":"http:\/\/blogdoedvaldomagalhaes.com.br\/?p=50879"},"modified":"2020-01-23T13:43:14","modified_gmt":"2020-01-23T16:43:14","slug":"placa-mercosul-sera-obrigatoria-a-partir-de-31-de-janeiro","status":"publish","type":"post","link":"https:\/\/blogdoedvaldomagalhaes.com.br\/index.php\/2020\/01\/20\/placa-mercosul-sera-obrigatoria-a-partir-de-31-de-janeiro\/","title":{"rendered":"Placa Mercosul ser\u00e1 obrigat\u00f3ria a partir de 31 de janeiro"},"content":{"rendered":"<div class=\"OESP__barra\">\n<div class=\"OESP__barra--wrapper\">\n<p style=\"text-align: justify;\"><span class=\"ILfuVd MqYJ0\"><span class=\"e24Kjd\">A\u00a0<b>placa Mercosul<\/b>\u00a0passa a ser\u00a0<b>obrigat\u00f3ria<\/b> para ve\u00edculos novos, no primeiro emplacamento. E tamb\u00e9m para os que forem transferidos de munic\u00edpio ou Estado. A implanta\u00e7\u00e3o da <b>placa Mercosul<\/b>\u00a0no Pa\u00eds teve seis adiamentos. O novo sistema deveria ter entrado em vigor em janeiro de 2016.<\/span><\/span><span class=\"kX21rb\">6<\/span><\/p>\n<p style=\"text-align: justify;\"><span style=\"font-size: inherit;\">No dia 31 de janeiro o uso da placa Mercosul passa a ser obrigat\u00f3rio em todo o Pa\u00eds. O prazo foi definido pelo <\/span><strong style=\"font-size: inherit;\"><a href=\"https:\/\/infraestrutura.gov.br\/denatran\">Conselho Nacional de Tr\u00e2nsito (Contran)<\/a><\/strong><span style=\"font-size: inherit;\">, no dia 28 de julho do ano passado. O sistema, que deveria ter entrado em opera\u00e7\u00e3o em janeiro de 2016,\u00a0<\/span><strong style=\"font-size: inherit;\"><a href=\"https:\/\/jornaldocarro.estadao.com.br\/carros\/implantacao-da-placa-mercosul-e-adiada-novamente\/\">teve seis adiamentos<\/a><\/strong><span style=\"font-size: inherit;\">.<\/span><\/p>\n<\/div>\n<\/div>\n<div class=\"jc-posts\">\n<article class=\"post-132117 post type-post status-publish format-standard has-post-thumbnail hentry category-legislacao category-servicos tag-piv tag-placa tag-placa-mercosul\">\n<div class=\"jc-container jc-post-content mb-5\">\n<div class=\"row\">\n<div class=\"col-lg-8\">\n<p style=\"text-align: justify;\">O novo prazo foi determinado para que os \u00f3rg\u00e3os estaduais de tr\u00e2nsito pudessem credenciar as fabricantes das novas placas. Tamb\u00e9m foram alteradas algumas regras para a coloca\u00e7\u00e3o das placas Mercosul.<\/p>\n<p style=\"text-align: justify;\">Dos 26 Estados brasileiros, apenas 10 j\u00e1 havia aderido \u00e0 nova Placa de Identifica\u00e7\u00e3o Veicular (PIV), sendo Amazonas, Bahia, Esp\u00edrito Santo, Para\u00edba, Piau\u00ed, Paran\u00e1, Rio de Janeiro, Rio Grande do Norte, Rio Grande do Sul e Rond\u00f4nia.<\/p>\n<p style=\"text-align: justify;\">Leia o que diz o Governo Federal<\/p>\n<p style=\"text-align: justify;\">1- As primeiras tratativas para unificar os modelos de placas dos paises do MERCOSUL iniciaram em 2010 durante o governo Lula. A placa MERCOSUL foi efetivamente criada em 2014, no governo Dilma, j\u00e1 com a participa\u00e7\u00e3o da Venezuela.<\/p>\n<p style=\"text-align: justify;\">2- Nosso Governo, visando n\u00e3o trazer preju\u00edzo para os propriet\u00e1rios fez altera\u00e7\u00f5es na nova placa. Retiramos a exig\u00eancia de chips e dispositivos refletivos, por exemplo.<\/p>\n<p style=\"text-align: justify;\">3- N\u00e3o ser\u00e1 exigido a troca de placas. As atuais valer\u00e3o at\u00e9 o fim da vida \u00fatil do ve\u00edculo. Placa nova apenas para carros novos ou em caso de furto ou dano.<\/p>\n<p style=\"text-align: justify;\">4- Da maneira como estava previsto na Resolu\u00e7\u00e3o 729\/2018 (anterior ao atual governo), as placas custariam o dobro do pre\u00e7o das atuais e todos seriam obrigados a troc\u00e1-las. Seria um neg\u00f3cio bilion\u00e1rio para os fabricantes de placas evitado por n\u00f3s.<\/p>\n<p style=\"text-align: justify;\">5. N\u00e3o ser\u00e1 mais necess\u00e1rio trocar de placas sempre que trocar de munic\u00edpio. As medidas adotadas significam R$ 2 bilh\u00f5es\/ano de economia para sociedade.<\/p>\n<\/div>\n<\/div>\n<\/div>\n<\/article>\n<\/div>\n","protected":false},"excerpt":{"rendered":"<p>A\u00a0placa Mercosul\u00a0passa a ser\u00a0obrigat\u00f3ria para ve\u00edculos novos, no primeiro emplacamento. E tamb\u00e9m para os que forem transferidos de munic\u00edpio ou&hellip;<\/p>\n","protected":false},"author":1,"featured_media":50880,"comment_status":"open","ping_status":"open","sticky":false,"template":"","format":"standard","meta":{"footnotes":""},"categories":[14120],"tags":[2,16881,17122],"class_list":["post-50879","post","type-post","status-publish","format-standard","has-post-thumbnail","hentry","category-noticias","tag-blog-do-edvaldo-magalhaes","tag-caruaru-e-regiao","tag-placa-mercosul-sera-obrigatoria-a-partir-de-31-de-janeiro"],"_links":{"self":[{"href":"https:\/\/blogdoedvaldomagalhaes.com.br\/index.php\/wp-json\/wp\/v2\/posts\/50879","targetHints":{"allow":["GET"]}}],"collection":[{"href":"https:\/\/blogdoedvaldomagalhaes.com.br\/index.php\/wp-json\/wp\/v2\/posts"}],"about":[{"href":"https:\/\/blogdoedvaldomagalhaes.com.br\/index.php\/wp-json\/wp\/v2\/types\/post"}],"author":[{"embeddable":true,"href":"https:\/\/blogdoedvaldomagalhaes.com.br\/index.php\/wp-json\/wp\/v2\/users\/1"}],"replies":[{"embeddable":true,"href":"https:\/\/blogdoedvaldomagalhaes.com.br\/index.php\/wp-json\/wp\/v2\/comments?post=50879"}],"version-history":[{"count":6,"href":"https:\/\/blogdoedvaldomagalhaes.com.br\/index.php\/wp-json\/wp\/v2\/posts\/50879\/revisions"}],"predecessor-version":[{"id":51090,"href":"https:\/\/blogdoedvaldomagalhaes.com.br\/index.php\/wp-json\/wp\/v2\/posts\/50879\/revisions\/51090"}],"wp:featuredmedia":[{"embeddable":true,"href":"https:\/\/blogdoedvaldomagalhaes.com.br\/index.php\/wp-json\/wp\/v2\/media\/50880"}],"wp:attachment":[{"href":"https:\/\/blogdoedvaldomagalhaes.com.br\/index.php\/wp-json\/wp\/v2\/media?parent=50879"}],"wp:term":[{"taxonomy":"category","embeddable":true,"href":"https:\/\/blogdoedvaldomagalhaes.com.br\/index.php\/wp-json\/wp\/v2\/categories?post=50879"},{"taxonomy":"post_tag","embeddable":true,"href":"https:\/\/blogdoedvaldomagalhaes.com.br\/index.php\/wp-json\/wp\/v2\/tags?post=50879"}],"curies":[{"name":"wp","href":"https:\/\/api.w.org\/{rel}","templated":true}]}}