{"id":50875,"date":"2020-01-20T14:46:32","date_gmt":"2020-01-20T17:46:32","guid":{"rendered":"http:\/\/blogdoedvaldomagalhaes.com.br\/?p=50875"},"modified":"2020-01-20T14:46:40","modified_gmt":"2020-01-20T17:46:40","slug":"festa-de-nossa-senhora-do-desterro-chega-a-sua-98-edicao-em-agrestina-pe","status":"publish","type":"post","link":"https:\/\/blogdoedvaldomagalhaes.com.br\/index.php\/2020\/01\/20\/festa-de-nossa-senhora-do-desterro-chega-a-sua-98-edicao-em-agrestina-pe\/","title":{"rendered":"Festa de Nossa Senhora do Desterro chega a sua 98\u00b0 edi\u00e7\u00e3o em Agrestina-PE"},"content":{"rendered":"<p style=\"text-align: justify;\"><span style=\"font-size: inherit;\">O interior de Pernambuco, marcado pelo catolicismo popular, inicia, tradicionalmente no m\u00eas de janeiro, uma s\u00e9rie de festejos religiosos. As cidades se preparam para homenagear seus santos padroeiros e manter vivas tradi\u00e7\u00f5es ancestrais, como o munic\u00edpio de Agrestina, no Agreste de Pernambuco, que realiza neste ano de 2020 a *98\u00b0 edi\u00e7\u00e3o da Festa de Nossa Senhora do Desterro.* O evento tem in\u00edcio no dia 24 de janeiro e segue at\u00e9 o dia 2 de fevereiro, com programa\u00e7\u00e3o religiosa e profana.<\/span><\/p>\n<p style=\"text-align: justify;\">Com quase cem anos de tradi\u00e7\u00e3o, e realizada sempre na mesma data, a festa em celebra\u00e7\u00e3o a co-padroeira de Agrestina teve in\u00edcio no ano de 1922, com uma fam\u00edlia rural do munic\u00edpio. Desde o surgimento, a celebra\u00e7\u00e3o acontece sempre no dia 2 de fevereiro, particularidade que conferiu ao evento o t\u00edtulo popular de \u201cFesta do dia 2\u201d.<\/p>\n<p style=\"text-align: justify;\">O festejo tomou grandes propor\u00e7\u00f5es e hoje \u00e9 o maior evento em execu\u00e7\u00e3o do munic\u00edpio, se destacando em toda a regi\u00e3o por seu legado e tradi\u00e7\u00e3o. A prociss\u00e3o \u00e0 Nossa Senhora do Desterro \u00e9 a maior do interior de Pernambuco e em sua \u00faltima edi\u00e7\u00e3o arrastou mais de 15 mil devotos.<\/p>\n<p style=\"text-align: justify;\">Programa\u00e7\u00e3o:<\/p>\n<p style=\"text-align: justify;\">A programa\u00e7\u00e3o tem in\u00edcio na pr\u00f3xima sexta-feira (24) e segue at\u00e9 o dia 2 de fevereiro. A parte religiosa conta com uma sucess\u00e3o de celebra\u00e7\u00f5es como novena, missa, quermesse, e leil\u00e3o, que culminam na maior prociss\u00e3o brasileira em honra \u00e0 Nossa Senhora do Desterro, no dia 2 de fevereiro, \u00e0s 16h. Ap\u00f3s a prociss\u00e3o, uma missa presidida pelo reverendo, Dom Ruy Gon\u00e7alves Lopes _(Bispo Diocesano),_ ser\u00e1 realizada na igreja matriz de Santo Ant\u00f4nio (centro). O tema deste ano \u00e9 _\u201cA exemplo da M\u00e3e do Desterro, nos colocamos em defesa da vida\u201d.<\/p>\n<p style=\"text-align: justify;\">A par\u00f3quia de Santo Ant\u00f4nio explica que a escolha do tema \u00e9 muito mais do que um convite para festejar em alegria e fraternidade, com os irm\u00e3os e com Deus, e sim um convite para pensar sobre o atual fen\u00f4meno de banaliza\u00e7\u00e3o da vida. _\u201cEstamos inseridos numa realidade em que a vida em todas as formas &#8211; fauna, flora e humana- est\u00e1 sendo amea\u00e7ada, destru\u00edda, aniquilada. E n\u00f3s, o que estamos fazendo? \u201d.<\/p>\n<p style=\"text-align: justify;\">A grade art\u00edstica deste ano conta com duas atra\u00e7\u00f5es h\u00e1 mais. Ao todo ser\u00e3o seis atra\u00e7\u00f5es, regionais e nacionais, durante os dias 1\u00b0 e 2 de fevereiro. Os shows, gratuitos e aberto ao p\u00fablico, ser\u00e3o realizados \u00e0s 20h, em uma estrutura de palco montada na Pra\u00e7a Padre C\u00edcero (centro). No s\u00e1bado, dia 1\u00b0, sobem ao palco Banda Calcinha Preta, Dorgival Dantas e Davi Firma, j\u00e1 no domingo, 2 de fevereiro, se apresentam Nanara Belo, Cavaleiros do Forr\u00f3 e Saia Rodada.<\/p>\n<p style=\"text-align: justify;\">Um p\u00fablico de 60 mil pessoas foi estimado pela Pol\u00edcia Militar na \u00faltima edi\u00e7\u00e3o, durante os dois principais dias de evento. O munic\u00edpio j\u00e1 est\u00e1 se preparando para receber, mais uma vez, com organiza\u00e7\u00e3o e seguran\u00e7a, visitantes de todo o Estado.<\/p>\n<p style=\"text-align: justify;\">A 98\u00b0 Festa de Nossa Senhora do Desterro \u00e9 uma realiza\u00e7\u00e3o da Prefeitura de Agrestina, atrav\u00e9s da Secretaria de Cultura e Turismo, Governo do Estado de Pernambuco, Empetur e Minist\u00e9rio do Turismo.<\/p>\n<p style=\"text-align: justify;\">S\u00e1bado (01\/02)<br \/>\u2022 Banda Calcinha Preta; Dorgival Dantas e Davi Firma \u00e0s 20h na Pra\u00e7a Padre C\u00edcero<\/p>\n<p style=\"text-align: justify;\">Domingo (02\/02)<br \/>\u2022 Prociss\u00e3o \u00e0 Nossa Senhora do Desterro \u00e0s 16h (concentra\u00e7\u00e3o na Pra\u00e7a Padre C\u00edcero)<br \/>\u2022 Shows com Nanara Belo, Cavaleiros do Forr\u00f3 e Saia Rodada \u00e0s 20h na Pra\u00e7a Padre C\u00edcero<\/p>\n\n\n<figure class=\"wp-block-image size-large\"><img loading=\"lazy\" decoding=\"async\" width=\"819\" height=\"1024\" src=\"http:\/\/blogdoedvaldomagalhaes.com.br\/wp-content\/uploads\/2020\/01\/IMG-20200120-WA0081-819x1024.jpg\" alt=\"\" class=\"wp-image-50877\" srcset=\"https:\/\/blogdoedvaldomagalhaes.com.br\/wp-content\/uploads\/2020\/01\/IMG-20200120-WA0081-819x1024.jpg 819w, https:\/\/blogdoedvaldomagalhaes.com.br\/wp-content\/uploads\/2020\/01\/IMG-20200120-WA0081-240x300.jpg 240w, https:\/\/blogdoedvaldomagalhaes.com.br\/wp-content\/uploads\/2020\/01\/IMG-20200120-WA0081-768x960.jpg 768w, https:\/\/blogdoedvaldomagalhaes.com.br\/wp-content\/uploads\/2020\/01\/IMG-20200120-WA0081.jpg 1024w\" sizes=\"auto, (max-width: 819px) 100vw, 819px\" \/><\/figure>\n","protected":false},"excerpt":{"rendered":"<p>O interior de Pernambuco, marcado pelo catolicismo popular, inicia, tradicionalmente no m\u00eas de janeiro, uma s\u00e9rie de festejos religiosos. As&hellip;<\/p>\n","protected":false},"author":1,"featured_media":50876,"comment_status":"open","ping_status":"open","sticky":false,"template":"","format":"standard","meta":{"footnotes":""},"categories":[14120],"tags":[2,16881,17121],"class_list":["post-50875","post","type-post","status-publish","format-standard","has-post-thumbnail","hentry","category-noticias","tag-blog-do-edvaldo-magalhaes","tag-caruaru-e-regiao","tag-festa-de-nossa-senhora-do-desterro-chega-a-sua-98-edicao-em-agrestina-pe"],"_links":{"self":[{"href":"https:\/\/blogdoedvaldomagalhaes.com.br\/index.php\/wp-json\/wp\/v2\/posts\/50875","targetHints":{"allow":["GET"]}}],"collection":[{"href":"https:\/\/blogdoedvaldomagalhaes.com.br\/index.php\/wp-json\/wp\/v2\/posts"}],"about":[{"href":"https:\/\/blogdoedvaldomagalhaes.com.br\/index.php\/wp-json\/wp\/v2\/types\/post"}],"author":[{"embeddable":true,"href":"https:\/\/blogdoedvaldomagalhaes.com.br\/index.php\/wp-json\/wp\/v2\/users\/1"}],"replies":[{"embeddable":true,"href":"https:\/\/blogdoedvaldomagalhaes.com.br\/index.php\/wp-json\/wp\/v2\/comments?post=50875"}],"version-history":[{"count":1,"href":"https:\/\/blogdoedvaldomagalhaes.com.br\/index.php\/wp-json\/wp\/v2\/posts\/50875\/revisions"}],"predecessor-version":[{"id":50878,"href":"https:\/\/blogdoedvaldomagalhaes.com.br\/index.php\/wp-json\/wp\/v2\/posts\/50875\/revisions\/50878"}],"wp:featuredmedia":[{"embeddable":true,"href":"https:\/\/blogdoedvaldomagalhaes.com.br\/index.php\/wp-json\/wp\/v2\/media\/50876"}],"wp:attachment":[{"href":"https:\/\/blogdoedvaldomagalhaes.com.br\/index.php\/wp-json\/wp\/v2\/media?parent=50875"}],"wp:term":[{"taxonomy":"category","embeddable":true,"href":"https:\/\/blogdoedvaldomagalhaes.com.br\/index.php\/wp-json\/wp\/v2\/categories?post=50875"},{"taxonomy":"post_tag","embeddable":true,"href":"https:\/\/blogdoedvaldomagalhaes.com.br\/index.php\/wp-json\/wp\/v2\/tags?post=50875"}],"curies":[{"name":"wp","href":"https:\/\/api.w.org\/{rel}","templated":true}]}}