{"id":50872,"date":"2020-01-20T14:37:21","date_gmt":"2020-01-20T17:37:21","guid":{"rendered":"http:\/\/blogdoedvaldomagalhaes.com.br\/?p=50872"},"modified":"2020-01-20T14:37:24","modified_gmt":"2020-01-20T17:37:24","slug":"jovens-atletas-de-caruaru-serao-avaliados-por-observador-do-flamengo-rj","status":"publish","type":"post","link":"https:\/\/blogdoedvaldomagalhaes.com.br\/index.php\/2020\/01\/20\/jovens-atletas-de-caruaru-serao-avaliados-por-observador-do-flamengo-rj\/","title":{"rendered":"Jovens atletas de Caruaru ser\u00e3o avaliados por observador do Flamengo-RJ"},"content":{"rendered":"<p style=\"text-align: justify;\"><span style=\"font-size: inherit;\">A Ger\u00eancia de Esporte e Lazer da Secretaria de Desenvolvimento Social e Direitos Humanos (SDSDH), em Caruaru, est\u00e1 recebendo inscri\u00e7\u00f5es para uma avalia\u00e7\u00e3o t\u00e9cnica de atletas nascidos entre 2004 e 2010. Estas idades comp\u00f5em as categorias sub 11, 13 e 17. O procedimento \u00e9 feito em parceria com a Liga Desportiva de Futebol de Caruaru e o n\u00facleo de observa\u00e7\u00e3o e capta\u00e7\u00e3o de atletas das categorias de base do Clube de Regata Flamengo.<\/span><\/p>\n<p style=\"text-align: justify;\">A avalia\u00e7\u00e3o acontecer\u00e1 no est\u00e1dio do Vera Cruz nos dias 14 de fevereiro (turnos da manh\u00e3 e da tarde) e 15 de fevereiro (manh\u00e3). Os interessados devem realizar a inscri\u00e7\u00e3o na Secretaria de Desenvolvimento Social e Direitos Humanos\/Ger\u00eancia de Esporte e Lazer \u2013 Sala 03, acompanhados de um representante legal, com documenta\u00e7\u00e3o individual do atleta e 1kg de alimento n\u00e3o perec\u00edvel, o qual ser\u00e1 destinado \u00e0s entidades assistidas pela SDSDH.<\/p>\n<p style=\"text-align: justify;\">Os atletas ser\u00e3o avaliados pelo observador Silvio Eduardo, e os que se destacarem poder\u00e3o ser acompanhados por ele no n\u00facleo de capta\u00e7\u00e3o do Clube de Regata do Flamengo.<\/p>\n","protected":false},"excerpt":{"rendered":"<p>A Ger\u00eancia de Esporte e Lazer da Secretaria de Desenvolvimento Social e Direitos Humanos (SDSDH), em Caruaru, est\u00e1 recebendo inscri\u00e7\u00f5es&hellip;<\/p>\n","protected":false},"author":1,"featured_media":50873,"comment_status":"open","ping_status":"open","sticky":false,"template":"","format":"standard","meta":{"footnotes":""},"categories":[14123],"tags":[2,16881,17120],"class_list":["post-50872","post","type-post","status-publish","format-standard","has-post-thumbnail","hentry","category-futebol","tag-blog-do-edvaldo-magalhaes","tag-caruaru-e-regiao","tag-jovens-atletas-de-caruaru-serao-avaliados-por-observador-do-flamengo-rj"],"_links":{"self":[{"href":"https:\/\/blogdoedvaldomagalhaes.com.br\/index.php\/wp-json\/wp\/v2\/posts\/50872","targetHints":{"allow":["GET"]}}],"collection":[{"href":"https:\/\/blogdoedvaldomagalhaes.com.br\/index.php\/wp-json\/wp\/v2\/posts"}],"about":[{"href":"https:\/\/blogdoedvaldomagalhaes.com.br\/index.php\/wp-json\/wp\/v2\/types\/post"}],"author":[{"embeddable":true,"href":"https:\/\/blogdoedvaldomagalhaes.com.br\/index.php\/wp-json\/wp\/v2\/users\/1"}],"replies":[{"embeddable":true,"href":"https:\/\/blogdoedvaldomagalhaes.com.br\/index.php\/wp-json\/wp\/v2\/comments?post=50872"}],"version-history":[{"count":1,"href":"https:\/\/blogdoedvaldomagalhaes.com.br\/index.php\/wp-json\/wp\/v2\/posts\/50872\/revisions"}],"predecessor-version":[{"id":50874,"href":"https:\/\/blogdoedvaldomagalhaes.com.br\/index.php\/wp-json\/wp\/v2\/posts\/50872\/revisions\/50874"}],"wp:featuredmedia":[{"embeddable":true,"href":"https:\/\/blogdoedvaldomagalhaes.com.br\/index.php\/wp-json\/wp\/v2\/media\/50873"}],"wp:attachment":[{"href":"https:\/\/blogdoedvaldomagalhaes.com.br\/index.php\/wp-json\/wp\/v2\/media?parent=50872"}],"wp:term":[{"taxonomy":"category","embeddable":true,"href":"https:\/\/blogdoedvaldomagalhaes.com.br\/index.php\/wp-json\/wp\/v2\/categories?post=50872"},{"taxonomy":"post_tag","embeddable":true,"href":"https:\/\/blogdoedvaldomagalhaes.com.br\/index.php\/wp-json\/wp\/v2\/tags?post=50872"}],"curies":[{"name":"wp","href":"https:\/\/api.w.org\/{rel}","templated":true}]}}