{"id":50862,"date":"2020-01-20T12:32:49","date_gmt":"2020-01-20T15:32:49","guid":{"rendered":"http:\/\/blogdoedvaldomagalhaes.com.br\/?p=50862"},"modified":"2020-01-20T21:52:11","modified_gmt":"2020-01-21T00:52:11","slug":"exclusivo-gerencia-regional-da-compesa-em-caruaru-tera-novo-gestor","status":"publish","type":"post","link":"https:\/\/blogdoedvaldomagalhaes.com.br\/index.php\/2020\/01\/20\/exclusivo-gerencia-regional-da-compesa-em-caruaru-tera-novo-gestor\/","title":{"rendered":"Exclusivo: Ger\u00eancia Regional da Compesa em Caruaru ter\u00e1 novo gestor"},"content":{"rendered":"<p style=\"text-align: justify;\">O engenheiro civil e especialista em engenharia de saneamento b\u00e1sico e ambiental, M\u00e1rio Heitor Filho, que assumiu a Ger\u00eancia de Neg\u00f3cios Regional da Compesa em Caruaru, no dia 02 de fevereiro de 2017, ficar\u00e1 at\u00e9 o dia 31 de janeiro deste ano em Caruaru, e a partir do pr\u00f3ximo dia 1\u00b0 de fevereiro, assumir\u00e1 a Ger\u00eancia Metropolitana em Recife. M\u00e1rio <span style=\"font-size: inherit;\">j\u00e1 esteve \u00e0 frente da regional do Alto Capibaribe, sediada em Santa Cruz do Capibaribe, tamb\u00e9m no Agreste pernambucano.<\/span><\/p>\n<p style=\"text-align: justify;\">M\u00e1rio Heitor ser\u00e1\u00a0 substitu\u00eddo pelo engenheiro Jo\u00e3o Raphael de Queiroz, que j\u00e1 trabalhou em Caruaru e atualmente estava na Unidade de Neg\u00f3cios da Compesa em Petrolina, onde ser\u00e1 substitu\u00eddo por Marcelo Andr\u00e9 Ramos Guimar\u00e3es de Oliveira, que estava na Regi\u00e3o Metropolitana do Recife (RMR).<\/p>\n<p style=\"text-align: justify;\">Para Jo\u00e3o Raphael que tocou a estatal h\u00e1 quase seis anos em Petrolina, a sensa\u00e7\u00e3o \u00e9 de dever cumprido.<\/p>\n<p style=\"text-align: justify;\">\u201cSaio com o dever cumprido diante de tantas dificuldades e com muito orgulho por ter participado junto com os colaboradores da Compesa e dos investimentos realizados aqui que ajudaram a levar Petrolina a um patamar bem favor\u00e1vel em rela\u00e7\u00e3o \u00e0s demais cidades do Brasil com rela\u00e7\u00e3o ao saneamento\u201d, assinalou Jo\u00e3o que fica at\u00e9 31 de janeiro no comando da GNR de Petrolina..<\/p>\n\n\n<figure class=\"wp-block-image size-large\"><img loading=\"lazy\" decoding=\"async\" width=\"750\" height=\"405\" src=\"http:\/\/blogdoedvaldomagalhaes.com.br\/wp-content\/uploads\/2020\/01\/WhatsApp-Image-2019-07-26-at-15.14.32-750x405-1.jpg\" alt=\"\" class=\"wp-image-50869\" srcset=\"https:\/\/blogdoedvaldomagalhaes.com.br\/wp-content\/uploads\/2020\/01\/WhatsApp-Image-2019-07-26-at-15.14.32-750x405-1.jpg 750w, https:\/\/blogdoedvaldomagalhaes.com.br\/wp-content\/uploads\/2020\/01\/WhatsApp-Image-2019-07-26-at-15.14.32-750x405-1-300x162.jpg 300w\" sizes=\"auto, (max-width: 750px) 100vw, 750px\" \/><figcaption>Cr\u00e9dito da foto de Jo\u00e3o Raphael: Waldiney Passos<\/figcaption><\/figure>\n","protected":false},"excerpt":{"rendered":"<p>O engenheiro civil e especialista em engenharia de saneamento b\u00e1sico e ambiental, M\u00e1rio Heitor Filho, que assumiu a Ger\u00eancia de&hellip;<\/p>\n","protected":false},"author":1,"featured_media":50863,"comment_status":"open","ping_status":"open","sticky":false,"template":"","format":"standard","meta":{"footnotes":""},"categories":[14120],"tags":[2,16881,17119],"class_list":["post-50862","post","type-post","status-publish","format-standard","has-post-thumbnail","hentry","category-noticias","tag-blog-do-edvaldo-magalhaes","tag-caruaru-e-regiao","tag-exclusivo-gerencia-regional-da-compesa-em-caruaru-tera-novo-gestor"],"_links":{"self":[{"href":"https:\/\/blogdoedvaldomagalhaes.com.br\/index.php\/wp-json\/wp\/v2\/posts\/50862","targetHints":{"allow":["GET"]}}],"collection":[{"href":"https:\/\/blogdoedvaldomagalhaes.com.br\/index.php\/wp-json\/wp\/v2\/posts"}],"about":[{"href":"https:\/\/blogdoedvaldomagalhaes.com.br\/index.php\/wp-json\/wp\/v2\/types\/post"}],"author":[{"embeddable":true,"href":"https:\/\/blogdoedvaldomagalhaes.com.br\/index.php\/wp-json\/wp\/v2\/users\/1"}],"replies":[{"embeddable":true,"href":"https:\/\/blogdoedvaldomagalhaes.com.br\/index.php\/wp-json\/wp\/v2\/comments?post=50862"}],"version-history":[{"count":7,"href":"https:\/\/blogdoedvaldomagalhaes.com.br\/index.php\/wp-json\/wp\/v2\/posts\/50862\/revisions"}],"predecessor-version":[{"id":50899,"href":"https:\/\/blogdoedvaldomagalhaes.com.br\/index.php\/wp-json\/wp\/v2\/posts\/50862\/revisions\/50899"}],"wp:featuredmedia":[{"embeddable":true,"href":"https:\/\/blogdoedvaldomagalhaes.com.br\/index.php\/wp-json\/wp\/v2\/media\/50863"}],"wp:attachment":[{"href":"https:\/\/blogdoedvaldomagalhaes.com.br\/index.php\/wp-json\/wp\/v2\/media?parent=50862"}],"wp:term":[{"taxonomy":"category","embeddable":true,"href":"https:\/\/blogdoedvaldomagalhaes.com.br\/index.php\/wp-json\/wp\/v2\/categories?post=50862"},{"taxonomy":"post_tag","embeddable":true,"href":"https:\/\/blogdoedvaldomagalhaes.com.br\/index.php\/wp-json\/wp\/v2\/tags?post=50862"}],"curies":[{"name":"wp","href":"https:\/\/api.w.org\/{rel}","templated":true}]}}