{"id":50853,"date":"2020-01-20T12:05:40","date_gmt":"2020-01-20T15:05:40","guid":{"rendered":"http:\/\/blogdoedvaldomagalhaes.com.br\/?p=50853"},"modified":"2020-01-20T12:05:43","modified_gmt":"2020-01-20T15:05:43","slug":"cortejo-em-homenagem-ao-mestre-vitalino-no-cemiterio-dom-bosco-em-caruaru","status":"publish","type":"post","link":"https:\/\/blogdoedvaldomagalhaes.com.br\/index.php\/2020\/01\/20\/cortejo-em-homenagem-ao-mestre-vitalino-no-cemiterio-dom-bosco-em-caruaru\/","title":{"rendered":"Cortejo em homenagem ao Mestre Vitalino no Cemit\u00e9rio Dom Bosco em Caruaru"},"content":{"rendered":"<p style=\"text-align: justify;\"><span style=\"font-size: inherit;\">A Prefeitura de Caruaru, atrav\u00e9s da Funda\u00e7\u00e3o de Cultura e Turismo (FCTC), lembrou os 57 anos de morte do Mestre Vitalino, nesta segunda-feira (20), com um cortejo no Cemit\u00e9rio Dom Bosco, onde o corpo foi enterrado. Na ocasi\u00e3o, houve um momento de reflex\u00e3o com o padre Everaldo.<\/span><\/p>\n<p style=\"text-align: justify;\">Estiveram presentes na homenagem a fam\u00edlia e os artes\u00e3os do Alto do Moura. \u201cEssa arte que come\u00e7ou com meu av\u00f4 e hoje o Alto do Moura tem seu destaque a partir desse trabalho. Hoje a gente se sente com um compromisso com a nossa cidade, o nosso bairro, a nossa cultura, para n\u00e3o deixar esse legado acabar\u201d,<\/p>\n<p style=\"text-align: justify;\">\u201cVitalino n\u00e3o morreu, nem vai morrer nunca. Todos que est\u00e3o aqui t\u00eam o compromisso de manter o legado dele. Esse momento relembrando a figura de Vitalino demonstra o quanto ele foi mestre. Passou sua arte para que todos pudessem ter qualidade de vida. Vitalino \u00e9 mestre n\u00e3o s\u00f3 na arte do barro, mas na arte da vida\u201d, destacou o presidente da FCTC, Rubens J\u00fanior.<\/p>\n<p style=\"text-align: justify;\">O tradicional cortejo do Alto do Moura deve ser realizado no dia 26 de janeiro, durante a festa de S\u00e3o Sebasti\u00e3o.<\/p>\n\n\n<figure class=\"wp-block-image size-large\"><img loading=\"lazy\" decoding=\"async\" width=\"799\" height=\"533\" src=\"http:\/\/blogdoedvaldomagalhaes.com.br\/wp-content\/uploads\/2020\/01\/IMG-20200120-WA0066.jpg\" alt=\"\" class=\"wp-image-50855\" srcset=\"https:\/\/blogdoedvaldomagalhaes.com.br\/wp-content\/uploads\/2020\/01\/IMG-20200120-WA0066.jpg 799w, https:\/\/blogdoedvaldomagalhaes.com.br\/wp-content\/uploads\/2020\/01\/IMG-20200120-WA0066-300x200.jpg 300w, https:\/\/blogdoedvaldomagalhaes.com.br\/wp-content\/uploads\/2020\/01\/IMG-20200120-WA0066-768x512.jpg 768w\" sizes=\"auto, (max-width: 799px) 100vw, 799px\" \/><\/figure>\n\n\n\n<figure class=\"wp-block-image size-large\"><img loading=\"lazy\" decoding=\"async\" width=\"799\" height=\"533\" src=\"http:\/\/blogdoedvaldomagalhaes.com.br\/wp-content\/uploads\/2020\/01\/IMG-20200120-WA0065.jpg\" alt=\"\" class=\"wp-image-50856\" srcset=\"https:\/\/blogdoedvaldomagalhaes.com.br\/wp-content\/uploads\/2020\/01\/IMG-20200120-WA0065.jpg 799w, https:\/\/blogdoedvaldomagalhaes.com.br\/wp-content\/uploads\/2020\/01\/IMG-20200120-WA0065-300x200.jpg 300w, https:\/\/blogdoedvaldomagalhaes.com.br\/wp-content\/uploads\/2020\/01\/IMG-20200120-WA0065-768x512.jpg 768w\" sizes=\"auto, (max-width: 799px) 100vw, 799px\" \/><\/figure>\n\n\n\n<figure class=\"wp-block-image size-large\"><img loading=\"lazy\" decoding=\"async\" width=\"799\" height=\"533\" src=\"http:\/\/blogdoedvaldomagalhaes.com.br\/wp-content\/uploads\/2020\/01\/IMG-20200120-WA0063.jpg\" alt=\"\" class=\"wp-image-50857\" srcset=\"https:\/\/blogdoedvaldomagalhaes.com.br\/wp-content\/uploads\/2020\/01\/IMG-20200120-WA0063.jpg 799w, https:\/\/blogdoedvaldomagalhaes.com.br\/wp-content\/uploads\/2020\/01\/IMG-20200120-WA0063-300x200.jpg 300w, https:\/\/blogdoedvaldomagalhaes.com.br\/wp-content\/uploads\/2020\/01\/IMG-20200120-WA0063-768x512.jpg 768w\" sizes=\"auto, (max-width: 799px) 100vw, 799px\" \/><figcaption>Fotos: Jana\u00edna Pepeu<\/figcaption><\/figure>\n","protected":false},"excerpt":{"rendered":"<p>A Prefeitura de Caruaru, atrav\u00e9s da Funda\u00e7\u00e3o de Cultura e Turismo (FCTC), lembrou os 57 anos de morte do Mestre&hellip;<\/p>\n","protected":false},"author":1,"featured_media":50854,"comment_status":"open","ping_status":"open","sticky":false,"template":"","format":"standard","meta":{"footnotes":""},"categories":[14120],"tags":[2,16881,17118],"class_list":["post-50853","post","type-post","status-publish","format-standard","has-post-thumbnail","hentry","category-noticias","tag-blog-do-edvaldo-magalhaes","tag-caruaru-e-regiao","tag-cortejo-em-homenagem-ao-mestre-vitalino-no-cemiterio-dom-bosco-em-caruaru"],"_links":{"self":[{"href":"https:\/\/blogdoedvaldomagalhaes.com.br\/index.php\/wp-json\/wp\/v2\/posts\/50853","targetHints":{"allow":["GET"]}}],"collection":[{"href":"https:\/\/blogdoedvaldomagalhaes.com.br\/index.php\/wp-json\/wp\/v2\/posts"}],"about":[{"href":"https:\/\/blogdoedvaldomagalhaes.com.br\/index.php\/wp-json\/wp\/v2\/types\/post"}],"author":[{"embeddable":true,"href":"https:\/\/blogdoedvaldomagalhaes.com.br\/index.php\/wp-json\/wp\/v2\/users\/1"}],"replies":[{"embeddable":true,"href":"https:\/\/blogdoedvaldomagalhaes.com.br\/index.php\/wp-json\/wp\/v2\/comments?post=50853"}],"version-history":[{"count":1,"href":"https:\/\/blogdoedvaldomagalhaes.com.br\/index.php\/wp-json\/wp\/v2\/posts\/50853\/revisions"}],"predecessor-version":[{"id":50858,"href":"https:\/\/blogdoedvaldomagalhaes.com.br\/index.php\/wp-json\/wp\/v2\/posts\/50853\/revisions\/50858"}],"wp:featuredmedia":[{"embeddable":true,"href":"https:\/\/blogdoedvaldomagalhaes.com.br\/index.php\/wp-json\/wp\/v2\/media\/50854"}],"wp:attachment":[{"href":"https:\/\/blogdoedvaldomagalhaes.com.br\/index.php\/wp-json\/wp\/v2\/media?parent=50853"}],"wp:term":[{"taxonomy":"category","embeddable":true,"href":"https:\/\/blogdoedvaldomagalhaes.com.br\/index.php\/wp-json\/wp\/v2\/categories?post=50853"},{"taxonomy":"post_tag","embeddable":true,"href":"https:\/\/blogdoedvaldomagalhaes.com.br\/index.php\/wp-json\/wp\/v2\/tags?post=50853"}],"curies":[{"name":"wp","href":"https:\/\/api.w.org\/{rel}","templated":true}]}}