{"id":50852,"date":"2020-01-20T21:04:23","date_gmt":"2020-01-21T00:04:23","guid":{"rendered":"http:\/\/blogdoedvaldomagalhaes.com.br\/?p=50852"},"modified":"2020-01-20T21:04:30","modified_gmt":"2020-01-21T00:04:30","slug":"centro-de-atencao-psicosocial-de-caruaru-funciona-24h-por-dia","status":"publish","type":"post","link":"https:\/\/blogdoedvaldomagalhaes.com.br\/index.php\/2020\/01\/20\/centro-de-atencao-psicosocial-de-caruaru-funciona-24h-por-dia\/","title":{"rendered":"Centro de Aten\u00e7\u00e3o Psicosocial de Caruaru funciona 24h por dia"},"content":{"rendered":"<p style=\"text-align: justify;\">O Centro de Aten\u00e7\u00e3o Psicossocial &#8211; CAPS III Crescendo com Dignidade \u00e9 destinado ao cuidado de pessoas que sofrem de transtorno mental grave e seus familiares. A proposta do CAPS \u00e9 substituir a ideia de cuidado hospitalar para o cuidado em territ\u00f3rio, possibilitando a amplia\u00e7\u00e3o da aten\u00e7\u00e3o, das subjetividades e dos afetos.<\/p>\n<p style=\"text-align: justify;\">O CAPS III funciona 24h por dia, incluindo finais de semana e feriados. Temos uma equipe interdisciplinar que trabalham de forma integrada para melhor atender a todas as pessoas acolhidas na unidade.<\/p>\n<p style=\"text-align: justify;\">O CAPS III visa: prestar atendimento em regime de aten\u00e7\u00e3o di\u00e1ria de forma intensiva; gerenciar os projetos terap\u00eauticos oferecendo cuidado eficiente e individualizado; promover a inser\u00e7\u00e3o social dos usu\u00e1rios atrav\u00e9s das a\u00e7\u00f5es intersetoriais que envolvam educa\u00e7\u00e3o, trabalho, esporte, cultura e lazer.<\/p>\n<p style=\"text-align: justify;\">\u00c9 realizada Assembleia com todas as pessoas acompanhadas no CAPS e todos\/as profissionais. A assembleia \u00e9 um instrumento importante para o efetivo funcionamento do CAPS como um lugar de conviv\u00eancia. \u00c9 uma atividade que acontece quinzenalmente, que re\u00fane t\u00e9cnicos, usu\u00e1rios, familiares, que juntos discutem, avaliam e prop\u00f5em encaminhamentos para o servi\u00e7o. Tudo o que \u00e9 discutido em assembleia serve para o melhoramento do atendimento.<\/p>\n<p style=\"text-align: justify;\">Confira abaixo como o CAPS presta assist\u00eancia ao usu\u00e1rio\/a:<br \/>\n\u2022 Atendimento Individual<br \/>\n\u2022 Grupos Terap\u00eauticos<br \/>\n\u2022 Oficinas<br \/>\n\u2022 Atendimento familiar<br \/>\n\u2022 Grupo Fam\u00edlia<br \/>\n\u2022 Visitas e Atendimento domiciliar<br \/>\n\u2022 Repouco e salas de atividades climatizadas<br \/>\n\u2022 Miniquadra para pr\u00e1tica de esporte e outras a\u00e7\u00f5es<br \/>\n\u2022 Atendimento M\u00e9dico<br \/>\n\u2022 Assembleia<br \/>\n\u2022 Atividades Comunit\u00e1rias<br \/>\n\u2022 Atividade f\u00edsica<br \/>\n\u2022 Entre outras atividades<\/p>\n<p style=\"text-align: justify;\">Os acolhimentos noturno acontece a partir do encaminhamento da UPA de qualquer bairro, tendo o contato telef\u00f4nico inicialmente, para que posteriormente, se tenha o encaminhamento atrav\u00e9s da pr\u00f3pria unidade de sa\u00fade. Nos demais hor\u00e1rios o acolhimento \u00e9 por livre demanda.<\/p>\n<p style=\"text-align: justify;\">\u201co CAPS \u00e9 um espa\u00e7o que permite \u00e0s pessoas acompanhadas pela unidade e seus familiares galgar novas possibilidades de atendimento em territ\u00f3rio, sem amarras e sem pris\u00e3o, fortalecendo o cuidado afetuoso, promovendo aten\u00e7\u00e3o integral e singular, e potencializando o cuidado em liberdade\u201d relata o gerente do CAPS III \u2013 Crescendo com Dignidade de Caruaru, Helison Ferreira.<\/p>\n","protected":false},"excerpt":{"rendered":"<p>O Centro de Aten\u00e7\u00e3o Psicossocial &#8211; CAPS III Crescendo com Dignidade \u00e9 destinado ao cuidado de pessoas que sofrem de&hellip;<\/p>\n","protected":false},"author":1,"featured_media":50893,"comment_status":"open","ping_status":"open","sticky":false,"template":"","format":"standard","meta":{"footnotes":""},"categories":[14120],"tags":[16881,17125],"class_list":["post-50852","post","type-post","status-publish","format-standard","has-post-thumbnail","hentry","category-noticias","tag-caruaru-e-regiao","tag-centro-de-atencao-psicosocial-de-caruaru-funciona-24h-por-dia"],"_links":{"self":[{"href":"https:\/\/blogdoedvaldomagalhaes.com.br\/index.php\/wp-json\/wp\/v2\/posts\/50852","targetHints":{"allow":["GET"]}}],"collection":[{"href":"https:\/\/blogdoedvaldomagalhaes.com.br\/index.php\/wp-json\/wp\/v2\/posts"}],"about":[{"href":"https:\/\/blogdoedvaldomagalhaes.com.br\/index.php\/wp-json\/wp\/v2\/types\/post"}],"author":[{"embeddable":true,"href":"https:\/\/blogdoedvaldomagalhaes.com.br\/index.php\/wp-json\/wp\/v2\/users\/1"}],"replies":[{"embeddable":true,"href":"https:\/\/blogdoedvaldomagalhaes.com.br\/index.php\/wp-json\/wp\/v2\/comments?post=50852"}],"version-history":[{"count":1,"href":"https:\/\/blogdoedvaldomagalhaes.com.br\/index.php\/wp-json\/wp\/v2\/posts\/50852\/revisions"}],"predecessor-version":[{"id":50894,"href":"https:\/\/blogdoedvaldomagalhaes.com.br\/index.php\/wp-json\/wp\/v2\/posts\/50852\/revisions\/50894"}],"wp:featuredmedia":[{"embeddable":true,"href":"https:\/\/blogdoedvaldomagalhaes.com.br\/index.php\/wp-json\/wp\/v2\/media\/50893"}],"wp:attachment":[{"href":"https:\/\/blogdoedvaldomagalhaes.com.br\/index.php\/wp-json\/wp\/v2\/media?parent=50852"}],"wp:term":[{"taxonomy":"category","embeddable":true,"href":"https:\/\/blogdoedvaldomagalhaes.com.br\/index.php\/wp-json\/wp\/v2\/categories?post=50852"},{"taxonomy":"post_tag","embeddable":true,"href":"https:\/\/blogdoedvaldomagalhaes.com.br\/index.php\/wp-json\/wp\/v2\/tags?post=50852"}],"curies":[{"name":"wp","href":"https:\/\/api.w.org\/{rel}","templated":true}]}}