{"id":5083,"date":"2017-08-13T03:01:00","date_gmt":"2017-08-13T06:01:00","guid":{"rendered":"http:\/\/blogdoedvaldomagalhaes.com.br\/index.php\/2017\/08\/13\/radio-liberdade-homenageia-os-pais-que\/"},"modified":"2019-02-09T01:39:01","modified_gmt":"2019-02-09T03:39:01","slug":"radio-liberdade-homenageia-os-pais-que","status":"publish","type":"post","link":"https:\/\/blogdoedvaldomagalhaes.com.br\/index.php\/2017\/08\/13\/radio-liberdade-homenageia-os-pais-que\/","title":{"rendered":"R\u00e1dio Liberdade homenageia os Pais que trabalham na emissora"},"content":{"rendered":"<p><\/p>\n<div class=\"separator\" style=\"clear: both; text-align: center;\">\n<a href=\"https:\/\/3.bp.blogspot.com\/-Y9pc1KfwOP0\/WY--a53bfHI\/AAAAAAAAbfc\/7KRaoxKPV-0ucv-uSXPT5EIff3eo8HQnQCLcBGAs\/s1600\/pai%2B1.jpg\" imageanchor=\"1\" style=\"margin-left: 1em; margin-right: 1em;\"><img loading=\"lazy\" decoding=\"async\" border=\"0\" data-original-height=\"638\" data-original-width=\"960\" height=\"265\" src=\"http:\/\/blogdoedvaldomagalhaes.com.br\/wp-content\/uploads\/2017\/08\/pai1.jpg\" width=\"400\" \/><\/a><\/div>\n<div class=\"separator\" style=\"clear: both; text-align: center;\">\nIvan Feitosa &#8211; Gerente Geral<\/div>\n<div class=\"separator\" style=\"clear: both; text-align: center;\">\n<a href=\"https:\/\/4.bp.blogspot.com\/-aMQAHO1i0C0\/WY--dBPJcCI\/AAAAAAAAbfg\/TvVzfrU48cYJvFieK65OszstV01nPScRACLcBGAs\/s1600\/pai%2B7.jpg\" imageanchor=\"1\" style=\"margin-left: 1em; margin-right: 1em;\"><img loading=\"lazy\" decoding=\"async\" border=\"0\" data-original-height=\"638\" data-original-width=\"960\" height=\"265\" src=\"http:\/\/blogdoedvaldomagalhaes.com.br\/wp-content\/uploads\/2017\/08\/pai7.jpg\" width=\"400\" \/><\/a><\/div>\n<div class=\"separator\" style=\"clear: both; text-align: center;\">\nEdvaldo Magalh\u00e3es &#8211; Rep\u00f3rter<\/div>\n<div class=\"separator\" style=\"clear: both; text-align: center;\">\n<a href=\"https:\/\/1.bp.blogspot.com\/-WjxIv6xV3w8\/WY--e3Q0GyI\/AAAAAAAAbfk\/NjfoNlU4oecu0KMBjbPJPNDuEyv6eY6UQCLcBGAs\/s1600\/pai%2B2.jpg\" imageanchor=\"1\" style=\"margin-left: 1em; margin-right: 1em;\"><img loading=\"lazy\" decoding=\"async\" border=\"0\" data-original-height=\"638\" data-original-width=\"960\" height=\"265\" src=\"http:\/\/blogdoedvaldomagalhaes.com.br\/wp-content\/uploads\/2017\/08\/pai2.jpg\" width=\"400\" \/><\/a><\/div>\n<div class=\"separator\" style=\"clear: both; text-align: center;\">\nHelenivaldo Pereira &#8211; Gerente de Jornalismo<\/div>\n<div class=\"separator\" style=\"clear: both; text-align: center;\">\n<a href=\"https:\/\/3.bp.blogspot.com\/-1OJy8OcAZhA\/WY--ggKkzsI\/AAAAAAAAbfo\/wv9ukKD_V_kvvgNaUtMWBPkbVrpawRNjACLcBGAs\/s1600\/pai%2B3.jpg\" imageanchor=\"1\" style=\"margin-left: 1em; margin-right: 1em;\"><img loading=\"lazy\" decoding=\"async\" border=\"0\" data-original-height=\"638\" data-original-width=\"960\" height=\"265\" src=\"http:\/\/blogdoedvaldomagalhaes.com.br\/wp-content\/uploads\/2017\/08\/pai3.jpg\" width=\"400\" \/><\/a><\/div>\n<div class=\"separator\" style=\"clear: both; text-align: center;\">\nMarivaldo Paulo &#8211; Departamento T\u00e9cnico<\/div>\n<div class=\"separator\" style=\"clear: both; text-align: center;\">\n<a href=\"https:\/\/3.bp.blogspot.com\/-aDLFFWolP3g\/WY--hlrPKsI\/AAAAAAAAbfs\/6gvs_-eFkIkv6mmWLcr_9jm29zRFw6AHwCLcBGAs\/s1600\/pai%2B4.jpg\" imageanchor=\"1\" style=\"margin-left: 1em; margin-right: 1em;\"><img loading=\"lazy\" decoding=\"async\" border=\"0\" data-original-height=\"638\" data-original-width=\"960\" height=\"265\" src=\"http:\/\/blogdoedvaldomagalhaes.com.br\/wp-content\/uploads\/2017\/08\/pai4.jpg\" width=\"400\" \/><\/a><\/div>\n<div class=\"separator\" style=\"clear: both; text-align: center;\">\nM\u00e1rio Ferreira &#8211; Departamento T\u00e9cnico<\/div>\n<div class=\"separator\" style=\"clear: both; text-align: center;\">\n<a href=\"https:\/\/4.bp.blogspot.com\/-zTcRKXqEq3I\/WY--i-ze1fI\/AAAAAAAAbfw\/cHqaUXuntXsz6-TNEt0N6nKWEzahiiNjgCLcBGAs\/s1600\/pai%2B5.jpg\" imageanchor=\"1\" style=\"margin-left: 1em; margin-right: 1em;\"><img loading=\"lazy\" decoding=\"async\" border=\"0\" data-original-height=\"638\" data-original-width=\"960\" height=\"265\" src=\"http:\/\/blogdoedvaldomagalhaes.com.br\/wp-content\/uploads\/2017\/08\/pai5.jpg\" width=\"400\" \/><\/a><\/div>\n<div class=\"separator\" style=\"clear: both; text-align: center;\">\nCarlos Althieri &#8211; Locutor<\/div>\n<div class=\"separator\" style=\"clear: both; text-align: center;\">\n<a href=\"https:\/\/3.bp.blogspot.com\/-AEHwIK5Ifaw\/WY--kB2Zk3I\/AAAAAAAAbf0\/QFkF_rsG21I96NeTxB1gNbt1VvXoUe3dQCLcBGAs\/s1600\/pai%2B6.jpg\" imageanchor=\"1\" style=\"margin-left: 1em; margin-right: 1em;\"><img loading=\"lazy\" decoding=\"async\" border=\"0\" data-original-height=\"638\" data-original-width=\"960\" height=\"265\" src=\"http:\/\/blogdoedvaldomagalhaes.com.br\/wp-content\/uploads\/2017\/08\/pai6.jpg\" width=\"400\" \/><\/a><\/div>\n<div class=\"separator\" style=\"clear: both; text-align: center;\">\nAdriano Luiz &#8211; Locutor<\/div>\n<div class=\"separator\" style=\"clear: both; text-align: center;\">\n<a href=\"https:\/\/4.bp.blogspot.com\/-iosEuG5S8bs\/WY--lZ6v3qI\/AAAAAAAAbf4\/96q24c6cp3E4UF6oW6FWyEESc9gTcrZTwCLcBGAs\/s1600\/pai%2B8.jpg\" imageanchor=\"1\" style=\"margin-left: 1em; margin-right: 1em;\"><img loading=\"lazy\" decoding=\"async\" border=\"0\" data-original-height=\"638\" data-original-width=\"960\" height=\"265\" src=\"http:\/\/blogdoedvaldomagalhaes.com.br\/wp-content\/uploads\/2017\/08\/pai8.jpg\" width=\"400\" \/><\/a><\/div>\n<div class=\"separator\" style=\"clear: both; text-align: center;\">\nAdauto Bezerra &#8211; Gerente Comercial<\/div>\n<div class=\"separator\" style=\"clear: both; text-align: center;\">\n<a href=\"https:\/\/4.bp.blogspot.com\/-1RsdzHD8J1U\/WY--muhKsTI\/AAAAAAAAbf8\/EGUldALHzPwJgT4jINppHx3Y7_fmPHTXwCLcBGAs\/s1600\/pai%2B9.jpg\" imageanchor=\"1\" style=\"margin-left: 1em; margin-right: 1em;\"><img loading=\"lazy\" decoding=\"async\" border=\"0\" data-original-height=\"638\" data-original-width=\"960\" height=\"265\" src=\"http:\/\/blogdoedvaldomagalhaes.com.br\/wp-content\/uploads\/2017\/08\/pai9.jpg\" width=\"400\" \/><\/a><\/div>\n<div class=\"separator\" style=\"clear: both; text-align: center;\">\nMarism\u00e1rio Peixoto &#8211; Motorista<\/div>\n<div class=\"separator\" style=\"clear: both; text-align: center;\">\n<a href=\"https:\/\/4.bp.blogspot.com\/-nxdsjLKO-hs\/WY--n4bMGTI\/AAAAAAAAbgA\/OrjVfTMonxEy31ZjSHrib04xn3c9fuSCACLcBGAs\/s1600\/pai%2B10.jpg\" imageanchor=\"1\" style=\"margin-left: 1em; margin-right: 1em;\"><img loading=\"lazy\" decoding=\"async\" border=\"0\" data-original-height=\"638\" data-original-width=\"960\" height=\"265\" src=\"http:\/\/blogdoedvaldomagalhaes.com.br\/wp-content\/uploads\/2017\/08\/pai10.jpg\" width=\"400\" \/><\/a><\/div>\n<div class=\"separator\" style=\"clear: both; text-align: center;\">\nWagner Feitosa &#8211; Gerente de Inform\u00e1tica<\/div>\n<div class=\"separator\" style=\"clear: both; text-align: center;\">\n<a href=\"https:\/\/4.bp.blogspot.com\/-8wbAkAUiBnU\/WY--pPui3-I\/AAAAAAAAbgE\/DPhpFuIj0E8TM9mJX_i55CVM66KosEJ6QCLcBGAs\/s1600\/pai%2B11.jpg\" imageanchor=\"1\" style=\"margin-left: 1em; margin-right: 1em;\"><img loading=\"lazy\" decoding=\"async\" border=\"0\" data-original-height=\"638\" data-original-width=\"960\" height=\"265\" src=\"http:\/\/blogdoedvaldomagalhaes.com.br\/wp-content\/uploads\/2017\/08\/pai11.jpg\" width=\"400\" \/><\/a><\/div>\n<div class=\"separator\" style=\"clear: both; text-align: center;\">\nMarciano Jos\u00e9 &#8211; Motorista<\/div>\n<div class=\"separator\" style=\"clear: both; text-align: center;\">\n<a href=\"https:\/\/4.bp.blogspot.com\/-lM7i38bNF0E\/WY_DvzijjRI\/AAAAAAAAbgU\/EA2MDeYQSVIRdG4rwNUYJCPx4X0chI2tgCLcBGAs\/s1600\/foto.jpg\" imageanchor=\"1\" style=\"margin-left: 1em; margin-right: 1em;\"><img loading=\"lazy\" decoding=\"async\" border=\"0\" data-original-height=\"864\" data-original-width=\"526\" height=\"400\" src=\"http:\/\/blogdoedvaldomagalhaes.com.br\/wp-content\/uploads\/2017\/08\/foto-3.jpg\" width=\"242\" \/><\/a><\/div>\n<div class=\"separator\" style=\"clear: both; text-align: center;\">\nCarlos Francisco &#8211; Recepcionista<\/div>\n<div class=\"separator\" style=\"clear: both; text-align: center;\">\n<\/div>\n<div style=\"text-align: justify;\">\n&#8220;Pai! A certeza de um amigo para sempre.&#8221;<\/div>\n<p><\/p>\n<div style=\"text-align: justify;\">\nFeliz Dia dos Pais, aos que fazem a R\u00e1dio Liberdade!<\/div>\n","protected":false},"excerpt":{"rendered":"<p>Ivan Feitosa &#8211; Gerente Geral Edvaldo Magalh\u00e3es &#8211; Rep\u00f3rter Helenivaldo Pereira &#8211; Gerente de Jornalismo Marivaldo Paulo &#8211; Departamento T\u00e9cnico&hellip;<\/p>\n","protected":false},"author":1,"featured_media":0,"comment_status":"open","ping_status":"open","sticky":false,"template":"","format":"standard","meta":{"footnotes":""},"categories":[1],"tags":[2,4307,6,6585],"class_list":["post-5083","post","type-post","status-publish","format-standard","hentry","category-sem-categoria","tag-blog-do-edvaldo-magalhaes","tag-ivan-feitosa","tag-noticias","tag-radio-liberdade-homenageia-os-pais-que-trabalham-na-emissora"],"_links":{"self":[{"href":"https:\/\/blogdoedvaldomagalhaes.com.br\/index.php\/wp-json\/wp\/v2\/posts\/5083","targetHints":{"allow":["GET"]}}],"collection":[{"href":"https:\/\/blogdoedvaldomagalhaes.com.br\/index.php\/wp-json\/wp\/v2\/posts"}],"about":[{"href":"https:\/\/blogdoedvaldomagalhaes.com.br\/index.php\/wp-json\/wp\/v2\/types\/post"}],"author":[{"embeddable":true,"href":"https:\/\/blogdoedvaldomagalhaes.com.br\/index.php\/wp-json\/wp\/v2\/users\/1"}],"replies":[{"embeddable":true,"href":"https:\/\/blogdoedvaldomagalhaes.com.br\/index.php\/wp-json\/wp\/v2\/comments?post=5083"}],"version-history":[{"count":1,"href":"https:\/\/blogdoedvaldomagalhaes.com.br\/index.php\/wp-json\/wp\/v2\/posts\/5083\/revisions"}],"predecessor-version":[{"id":23026,"href":"https:\/\/blogdoedvaldomagalhaes.com.br\/index.php\/wp-json\/wp\/v2\/posts\/5083\/revisions\/23026"}],"wp:attachment":[{"href":"https:\/\/blogdoedvaldomagalhaes.com.br\/index.php\/wp-json\/wp\/v2\/media?parent=5083"}],"wp:term":[{"taxonomy":"category","embeddable":true,"href":"https:\/\/blogdoedvaldomagalhaes.com.br\/index.php\/wp-json\/wp\/v2\/categories?post=5083"},{"taxonomy":"post_tag","embeddable":true,"href":"https:\/\/blogdoedvaldomagalhaes.com.br\/index.php\/wp-json\/wp\/v2\/tags?post=5083"}],"curies":[{"name":"wp","href":"https:\/\/api.w.org\/{rel}","templated":true}]}}