{"id":50823,"date":"2020-01-18T22:54:46","date_gmt":"2020-01-19T01:54:46","guid":{"rendered":"http:\/\/blogdoedvaldomagalhaes.com.br\/?p=50823"},"modified":"2020-01-21T10:15:56","modified_gmt":"2020-01-21T13:15:56","slug":"central-perde-para-o-retro-na-estreia-do-pernambucano-2020","status":"publish","type":"post","link":"https:\/\/blogdoedvaldomagalhaes.com.br\/index.php\/2020\/01\/18\/central-perde-para-o-retro-na-estreia-do-pernambucano-2020\/","title":{"rendered":"Central perde para o Retr\u00f4 na estreia do Pernambucano 2020"},"content":{"rendered":"<p style=\"text-align: justify;\">O Central perdeu para o Retr\u00f4 por 2&#215;0, na estr\u00e9ia do Campeonato Pernambucano da S\u00e9rie A1 2020, no Est\u00e1dio Luiz Jos\u00e9 de Lacerda (Lacerd\u00e3o), em Caruaru, noite deste s\u00e1bado (18). Os gols foram marcados por Anderson Para\u00edba aos 02 minutos e Willian Lira aos 47 minutos, ambos no 2\u00b0 tempo. O volante Graxa do Central foi expulso aos 29 minutos do 1\u00b0 tempo e prejudicou o rendimento do time alvi negro.<\/p>\n<p>Ficha T\u00e9cnica:<\/p>\n<p>Central 0 x 2 Retr\u00f4 &#8211; s\u00e1bado dia 18.01.20<\/p>\n<p>Est\u00e1dio Luiz Jos\u00e9 de Lacerda &#8211; Lacerd\u00e3o<\/p>\n<p>P\u00fablico: 3.014<\/p>\n<p>Renda: 45.375,00<\/p>\n<p style=\"text-align: justify;\">O Central perdeu com L\u00e9o, Polegar, Rangerson, Allan Miguel e Wendel; Lucas Beato (Ca\u00edque), Graxa, Bosco (Herbert) e Danilinho (Evandro); Bambam e Leandro Costa. T\u00e9cnico: Evandro Guimar\u00e3es.<\/p>\n<p style=\"text-align: justify;\">O Retr\u00f4 venceu com Jean, Mataus, Marlon, Marcelo e Thiago Costa; Serginho (Moreil\u00e2ndia), Jaildo, Fabiano e Anderson Para\u00edba (Ericles); William Lira e Janderson (Thiago). T\u00e9cnico: R\u00f4mulo Oliveira.<\/p>\n","protected":false},"excerpt":{"rendered":"<p>O Central perdeu para o Retr\u00f4 por 2&#215;0, na estr\u00e9ia do Campeonato Pernambucano da S\u00e9rie A1 2020, no Est\u00e1dio Luiz&hellip;<\/p>\n","protected":false},"author":1,"featured_media":50824,"comment_status":"open","ping_status":"open","sticky":false,"template":"","format":"standard","meta":{"footnotes":""},"categories":[14124],"tags":[2,16881,17116],"class_list":["post-50823","post","type-post","status-publish","format-standard","has-post-thumbnail","hentry","category-centralsc","tag-blog-do-edvaldo-magalhaes","tag-caruaru-e-regiao","tag-central-perde-para-o-retro-na-estreia-do-pernambucano-2020"],"_links":{"self":[{"href":"https:\/\/blogdoedvaldomagalhaes.com.br\/index.php\/wp-json\/wp\/v2\/posts\/50823","targetHints":{"allow":["GET"]}}],"collection":[{"href":"https:\/\/blogdoedvaldomagalhaes.com.br\/index.php\/wp-json\/wp\/v2\/posts"}],"about":[{"href":"https:\/\/blogdoedvaldomagalhaes.com.br\/index.php\/wp-json\/wp\/v2\/types\/post"}],"author":[{"embeddable":true,"href":"https:\/\/blogdoedvaldomagalhaes.com.br\/index.php\/wp-json\/wp\/v2\/users\/1"}],"replies":[{"embeddable":true,"href":"https:\/\/blogdoedvaldomagalhaes.com.br\/index.php\/wp-json\/wp\/v2\/comments?post=50823"}],"version-history":[{"count":10,"href":"https:\/\/blogdoedvaldomagalhaes.com.br\/index.php\/wp-json\/wp\/v2\/posts\/50823\/revisions"}],"predecessor-version":[{"id":50908,"href":"https:\/\/blogdoedvaldomagalhaes.com.br\/index.php\/wp-json\/wp\/v2\/posts\/50823\/revisions\/50908"}],"wp:featuredmedia":[{"embeddable":true,"href":"https:\/\/blogdoedvaldomagalhaes.com.br\/index.php\/wp-json\/wp\/v2\/media\/50824"}],"wp:attachment":[{"href":"https:\/\/blogdoedvaldomagalhaes.com.br\/index.php\/wp-json\/wp\/v2\/media?parent=50823"}],"wp:term":[{"taxonomy":"category","embeddable":true,"href":"https:\/\/blogdoedvaldomagalhaes.com.br\/index.php\/wp-json\/wp\/v2\/categories?post=50823"},{"taxonomy":"post_tag","embeddable":true,"href":"https:\/\/blogdoedvaldomagalhaes.com.br\/index.php\/wp-json\/wp\/v2\/tags?post=50823"}],"curies":[{"name":"wp","href":"https:\/\/api.w.org\/{rel}","templated":true}]}}