{"id":5082,"date":"2017-08-13T11:29:00","date_gmt":"2017-08-13T14:29:00","guid":{"rendered":"http:\/\/blogdoedvaldomagalhaes.com.br\/index.php\/2017\/08\/13\/pai-e-acusado-de-matar-o-filho-e\/"},"modified":"2019-02-09T01:39:02","modified_gmt":"2019-02-09T03:39:02","slug":"pai-e-acusado-de-matar-o-filho-e","status":"publish","type":"post","link":"https:\/\/blogdoedvaldomagalhaes.com.br\/index.php\/2017\/08\/13\/pai-e-acusado-de-matar-o-filho-e\/","title":{"rendered":"Pai \u00e9 acusado de matar o filho em Garanhuns"},"content":{"rendered":"<div class=\"separator\" style=\"clear: both; text-align: center;\">\n<a href=\"https:\/\/3.bp.blogspot.com\/-aplmJXQLL7U\/WZA32EjBzRI\/AAAAAAAAbgo\/Sy9unGYMG5cc3xlD-kk3xOzX7YHcjFG1ACLcBGAs\/s1600\/IMG-20170813-WA0052.jpg\" imageanchor=\"1\" style=\"margin-left: 1em; margin-right: 1em;\"><img loading=\"lazy\" decoding=\"async\" border=\"0\" data-original-height=\"349\" data-original-width=\"620\" height=\"225\" src=\"http:\/\/blogdoedvaldomagalhaes.com.br\/wp-content\/uploads\/2017\/08\/IMG-20170813-WA0052.jpg\" width=\"400\" \/><\/a><\/div>\n<div class=\"separator\" style=\"clear: both; text-align: justify;\">\n<\/div>\n<div class=\"separator\" style=\"clear: both; text-align: justify;\">\nA Pol\u00edcia Civil est\u00e1 investigando a morte do adolescente Jos\u00e9 Henrique Ferreira da Silva, de 17 anos, ocorrida na noite desse s\u00e1bado (12), na zona rural de Garanhuns. De acordo com informa\u00e7\u00f5es, a v\u00edtima estava em casa com a m\u00e3e e uma irm\u00e3, quando o pai Jos\u00e9 Amaro da &nbsp;Silva, de 41 anos, chegou embriagado e come\u00e7ou a agredir a companheira Maria de Lurdes da Silva, de 44 anos, que conseguiu fugir.<\/div>\n<div class=\"separator\" style=\"clear: both; text-align: justify;\">\n<\/div>\n<div class=\"separator\" style=\"clear: both; text-align: justify;\">\nA irm\u00e3 da v\u00edtima que estava na casa, presenciou toda a cena e contou a pol\u00edcia que o pai agrediu o irm\u00e3o com chutes, o adolescente caiu desacordado, o agressor saiu a procura da esposa para mat\u00e1-la.<\/div>\n<div class=\"separator\" style=\"clear: both; text-align: justify;\">\n<\/div>\n<div class=\"separator\" style=\"clear: both; text-align: justify;\">\nComo o cad\u00e1ver apresentava pequenas escoria\u00e7\u00f5es, a ocorr\u00eancia foi registrada com o morte a esclarecer, o laudo do MIL vai confirmar se houve o homic\u00eddio.&nbsp;<\/div>\n<div class=\"separator\" style=\"clear: both; text-align: justify;\">\n<\/div>\n<div class=\"separator\" style=\"clear: both; text-align: justify;\">\nJos\u00e9 Amaro foi encontrado dormindo, ele foi preso, sendo levado para o plant\u00e3o da 18\u00aa DESEC onde foi autuado em flagrante, na casa o efetivo do GATI encontrou uma espinguarda.<\/div>\n<div class=\"separator\" style=\"clear: both; text-align: justify;\">\n<\/div>\n<div class=\"separator\" style=\"clear: both; text-align: justify;\">\nFonte: Agreste Violento<\/div>\n<div style=\"text-align: justify;\">\n<\/div>\n","protected":false},"excerpt":{"rendered":"<p>A Pol\u00edcia Civil est\u00e1 investigando a morte do adolescente Jos\u00e9 Henrique Ferreira da Silva, de 17 anos, ocorrida na noite&hellip;<\/p>\n","protected":false},"author":1,"featured_media":0,"comment_status":"open","ping_status":"open","sticky":false,"template":"","format":"standard","meta":{"footnotes":""},"categories":[1],"tags":[2,6584,13],"class_list":["post-5082","post","type-post","status-publish","format-standard","hentry","category-sem-categoria","tag-blog-do-edvaldo-magalhaes","tag-pai-e-acusado-de-matar-o-filho-em-garanhuns","tag-policial"],"_links":{"self":[{"href":"https:\/\/blogdoedvaldomagalhaes.com.br\/index.php\/wp-json\/wp\/v2\/posts\/5082","targetHints":{"allow":["GET"]}}],"collection":[{"href":"https:\/\/blogdoedvaldomagalhaes.com.br\/index.php\/wp-json\/wp\/v2\/posts"}],"about":[{"href":"https:\/\/blogdoedvaldomagalhaes.com.br\/index.php\/wp-json\/wp\/v2\/types\/post"}],"author":[{"embeddable":true,"href":"https:\/\/blogdoedvaldomagalhaes.com.br\/index.php\/wp-json\/wp\/v2\/users\/1"}],"replies":[{"embeddable":true,"href":"https:\/\/blogdoedvaldomagalhaes.com.br\/index.php\/wp-json\/wp\/v2\/comments?post=5082"}],"version-history":[{"count":1,"href":"https:\/\/blogdoedvaldomagalhaes.com.br\/index.php\/wp-json\/wp\/v2\/posts\/5082\/revisions"}],"predecessor-version":[{"id":23028,"href":"https:\/\/blogdoedvaldomagalhaes.com.br\/index.php\/wp-json\/wp\/v2\/posts\/5082\/revisions\/23028"}],"wp:attachment":[{"href":"https:\/\/blogdoedvaldomagalhaes.com.br\/index.php\/wp-json\/wp\/v2\/media?parent=5082"}],"wp:term":[{"taxonomy":"category","embeddable":true,"href":"https:\/\/blogdoedvaldomagalhaes.com.br\/index.php\/wp-json\/wp\/v2\/categories?post=5082"},{"taxonomy":"post_tag","embeddable":true,"href":"https:\/\/blogdoedvaldomagalhaes.com.br\/index.php\/wp-json\/wp\/v2\/tags?post=5082"}],"curies":[{"name":"wp","href":"https:\/\/api.w.org\/{rel}","templated":true}]}}