{"id":5081,"date":"2017-08-13T12:10:00","date_gmt":"2017-08-13T15:10:00","guid":{"rendered":"http:\/\/blogdoedvaldomagalhaes.com.br\/index.php\/2017\/08\/13\/colisao-entre-ambulancia-e-caminhao\/"},"modified":"2019-02-09T01:39:03","modified_gmt":"2019-02-09T03:39:03","slug":"colisao-entre-ambulancia-e-caminhao","status":"publish","type":"post","link":"https:\/\/blogdoedvaldomagalhaes.com.br\/index.php\/2017\/08\/13\/colisao-entre-ambulancia-e-caminhao\/","title":{"rendered":"Colis\u00e3o entre ambul\u00e2ncia e caminh\u00e3o deixa dois mortos"},"content":{"rendered":"<div class=\"separator\" style=\"clear: both; text-align: center;\">\n<a href=\"https:\/\/3.bp.blogspot.com\/-FctejaOZzm4\/WZBBHorSuTI\/AAAAAAAAbg4\/A9277woDuzgmDK-wY1HGOjCb5vyr9wN4QCLcBGAs\/s1600\/IMG-20170813-WA0010.jpg\" imageanchor=\"1\" style=\"margin-left: 1em; margin-right: 1em;\"><img loading=\"lazy\" decoding=\"async\" border=\"0\" data-original-height=\"960\" data-original-width=\"1280\" height=\"300\" src=\"http:\/\/blogdoedvaldomagalhaes.com.br\/wp-content\/uploads\/2017\/08\/IMG-20170813-WA0010.jpg\" width=\"400\" \/><\/a><\/div>\n<p><\/p>\n<div class=\"separator\" style=\"clear: both; text-align: center;\">\n<a href=\"https:\/\/2.bp.blogspot.com\/-ztN-a1G23no\/WZBBK5mw2HI\/AAAAAAAAbg8\/HuP9AQm_9U0oSABwpI4SL4VKmmdnettCACLcBGAs\/s1600\/IMG-20170813-WA0008.jpg\" imageanchor=\"1\" style=\"margin-left: 1em; margin-right: 1em;\"><img loading=\"lazy\" decoding=\"async\" border=\"0\" data-original-height=\"960\" data-original-width=\"1280\" height=\"300\" src=\"http:\/\/blogdoedvaldomagalhaes.com.br\/wp-content\/uploads\/2017\/08\/IMG-20170813-WA0008.jpg\" width=\"400\" \/><\/a><\/div>\n<p><\/p>\n<div class=\"separator\" style=\"clear: both; text-align: center;\">\n<a href=\"https:\/\/1.bp.blogspot.com\/-EUlZUV7WI4A\/WZBBPCZeL5I\/AAAAAAAAbhA\/-lRvlXORfvk7WAdvo5P5tAuj7gZtm3QfwCLcBGAs\/s1600\/IMG-20170813-WA0006.jpg\" imageanchor=\"1\" style=\"margin-left: 1em; margin-right: 1em;\"><img loading=\"lazy\" decoding=\"async\" border=\"0\" data-original-height=\"960\" data-original-width=\"1280\" height=\"300\" src=\"http:\/\/blogdoedvaldomagalhaes.com.br\/wp-content\/uploads\/2017\/08\/IMG-20170813-WA0006.jpg\" width=\"400\" \/><\/a><\/div>\n<div style=\"text-align: center;\">\nFotos: Reprodu\u00e7\u00e3o\/WhasApp<\/div>\n<div class=\"separator\" style=\"clear: both; text-align: center;\">\n<a href=\"https:\/\/4.bp.blogspot.com\/-E9EosEEWp2I\/WZBBRiGL_uI\/AAAAAAAAbhE\/20mGDFswwesJeUVp-NJmmRgN3agxO0z9gCLcBGAs\/s1600\/IMG-20170813-WA0004.jpg\" imageanchor=\"1\" style=\"margin-left: 1em; margin-right: 1em;\"><img loading=\"lazy\" decoding=\"async\" border=\"0\" data-original-height=\"720\" data-original-width=\"720\" height=\"400\" src=\"http:\/\/blogdoedvaldomagalhaes.com.br\/wp-content\/uploads\/2017\/08\/IMG-20170813-WA0004.jpg\" width=\"400\" \/>&nbsp;<\/a><\/div>\n<div class=\"separator\" style=\"clear: both; text-align: center;\">\nEsta foto \u00e9 do motorista da ambul\u00e2ncia <\/div>\n<div class=\"separator\" style=\"clear: both; text-align: justify;\">\n<\/div>\n<div class=\"separator\" style=\"clear: both; text-align: justify;\">\nO grave acidente ocorreu na noite desse s\u00e1bado (12), entre Cachoeirinha e S\u00e3o Caetano. A ambul\u00e2ncia pertence ao Hospital Regional Dom Moura de Garanhuns. Segundo informa\u00e7\u00f5es, a ambul\u00e2ncia estava transferindo um paciente e colidiu na traseira do caminh\u00e3o ba\u00fa, que estava quebrado e parado na rodovia, deixando o motorista da ambul\u00e2ncia, Jose\u00edlton Oliveira de 46 anos, e o paciente Luiz Ferreira de 68 anos mortos no local. Outras duas pessoas que tamb\u00e9m estavam na ambul\u00e2ncia, ficaram presas na ferragens e foram socorridas em estado grave.&nbsp;<\/div>\n<p><\/p>\n","protected":false},"excerpt":{"rendered":"<p>Fotos: Reprodu\u00e7\u00e3o\/WhasApp &nbsp; Esta foto \u00e9 do motorista da ambul\u00e2ncia O grave acidente ocorreu na noite desse s\u00e1bado (12), entre&hellip;<\/p>\n","protected":false},"author":1,"featured_media":0,"comment_status":"open","ping_status":"open","sticky":false,"template":"","format":"standard","meta":{"footnotes":""},"categories":[1],"tags":[2,4873,6583,2277,6,3461],"class_list":["post-5081","post","type-post","status-publish","format-standard","hentry","category-sem-categoria","tag-blog-do-edvaldo-magalhaes","tag-cachoeirinha","tag-colisao-entre-ambulancia-e-caminhao-deixa-dois-mortos","tag-hospital-dom-moura","tag-noticias","tag-sao-caetano"],"_links":{"self":[{"href":"https:\/\/blogdoedvaldomagalhaes.com.br\/index.php\/wp-json\/wp\/v2\/posts\/5081","targetHints":{"allow":["GET"]}}],"collection":[{"href":"https:\/\/blogdoedvaldomagalhaes.com.br\/index.php\/wp-json\/wp\/v2\/posts"}],"about":[{"href":"https:\/\/blogdoedvaldomagalhaes.com.br\/index.php\/wp-json\/wp\/v2\/types\/post"}],"author":[{"embeddable":true,"href":"https:\/\/blogdoedvaldomagalhaes.com.br\/index.php\/wp-json\/wp\/v2\/users\/1"}],"replies":[{"embeddable":true,"href":"https:\/\/blogdoedvaldomagalhaes.com.br\/index.php\/wp-json\/wp\/v2\/comments?post=5081"}],"version-history":[{"count":1,"href":"https:\/\/blogdoedvaldomagalhaes.com.br\/index.php\/wp-json\/wp\/v2\/posts\/5081\/revisions"}],"predecessor-version":[{"id":23033,"href":"https:\/\/blogdoedvaldomagalhaes.com.br\/index.php\/wp-json\/wp\/v2\/posts\/5081\/revisions\/23033"}],"wp:attachment":[{"href":"https:\/\/blogdoedvaldomagalhaes.com.br\/index.php\/wp-json\/wp\/v2\/media?parent=5081"}],"wp:term":[{"taxonomy":"category","embeddable":true,"href":"https:\/\/blogdoedvaldomagalhaes.com.br\/index.php\/wp-json\/wp\/v2\/categories?post=5081"},{"taxonomy":"post_tag","embeddable":true,"href":"https:\/\/blogdoedvaldomagalhaes.com.br\/index.php\/wp-json\/wp\/v2\/tags?post=5081"}],"curies":[{"name":"wp","href":"https:\/\/api.w.org\/{rel}","templated":true}]}}