{"id":50793,"date":"2020-01-18T10:54:01","date_gmt":"2020-01-18T13:54:01","guid":{"rendered":"http:\/\/blogdoedvaldomagalhaes.com.br\/?p=50793"},"modified":"2020-01-18T13:07:54","modified_gmt":"2020-01-18T16:07:54","slug":"central-estreia-no-pernambucano-contra-o-retro-no-lacerdao-neste-sabado-18","status":"publish","type":"post","link":"https:\/\/blogdoedvaldomagalhaes.com.br\/index.php\/2020\/01\/18\/central-estreia-no-pernambucano-contra-o-retro-no-lacerdao-neste-sabado-18\/","title":{"rendered":"Central estr\u00e9ia no Pernambucano contra o Retr\u00f4 no Lacerd\u00e3o neste s\u00e1bado (18)"},"content":{"rendered":"<p style=\"text-align: justify;\">O Central estr\u00e9ia contra o Retr\u00f4, \u00e0s 20h, no Est\u00e1dio Luiz Jos\u00e9 de Lacerda (Lacerd\u00e3o), pelo Campeonato Pernambucano da S\u00e9rie A1 2020. O \u00e1r<span style=\"font-size: inherit;\">bitro ser\u00e1 Rodrigo Pereira, <\/span><span style=\"font-size: inherit;\">Assistente N\u00ba 01: Charles Rosas, Assistente<\/span><span style=\"font-size: inherit;\">N\u00ba 02: Fernando Ant\u00f4nio, 4<\/span><span style=\"font-size: inherit;\">\u00ba \u00c1rbitro: C\u00e9sar Leite.\u00a0<\/span><\/p>\n<p style=\"text-align: justify;\">O prov\u00e1vel time centralino \u00e9 L\u00e9o, Polegar, Allan Miguel, Janelson e Evandro, Lucas Beato, Bosco, Vitor Ferreira, e Danilinho, Bambam e Leandro Costa.<\/p>\n<p style=\"text-align: justify;\">A presen\u00e7a da torcida \u00e9 muito importante, para incentivar o elenco alvi-negro para obter a primeira vit\u00f3ria na competi\u00e7\u00e3o. Os ingressos est\u00e3o sendo vendidos nas bilheterias da avenida Professor Jos\u00e9 Le\u00e3o, no bairro Maur\u00edcio de Nassau, e custam R$ 30,00 visitante na arquibancada no Tobog\u00e3, R$ 20,00 torcedor do Central na arquibancada da avenida Agamenon Magalh\u00e3es, R$ 40,00 cadeira cativa, R$ 20,00 cadeira para s\u00f3cio e R$ 10,00 arquibancada para s\u00f3cio.\u00a0<\/p>\n<p style=\"font-weight: 400; text-align: justify;\">O Central promete uma disputa acirrada no Pernambucano. Refor\u00e7ada, a Patativa, comandada pelo t\u00e9cnico Evandro Guimar\u00e3es, vai contar com um trio de ataque formado por Danilinho, Bambam e Leandro Costa. O primeiro \u00e9 conhecido no futebol brasileiro. Foi campe\u00e3o brasileiro na S\u00e9rie B, em 2005, e jogou pelas sele\u00e7\u00f5es de base do Brasil. Na \u00faltima temporada, disputou a Segundona pelo CRB. O segundo reencontrar\u00e1 a cidade onde recebeu a primeira oportunidade como profissional, ainda no Sport, clube que o revelou. Em 2012, o atacante, ent\u00e3o com 18 anos, estreou com a camisa rubro-negra diante do Porto. J\u00e1 o \u00faltimo \u00e9 \u00eddolo da torcida centralina e foi um dos principais jogadores na campanha do vice-campeonato pernambucano, do Central, em 2018.<\/p>\n<p style=\"font-weight: 400; text-align: justify;\">O Retr\u00f4 nasceu em 2016, mas s\u00f3 disputou sua primeira competi\u00e7\u00e3o profissional apenas no ano passado, quando conquistou o vice-campeonato da S\u00e9rie A2 do Pernambucano e garantiu o acesso \u00e0 elite do Estadual. Agora, a equipe presidida pelo ex-dirigente do Sport, La\u00e9rcio Guerra, se refor\u00e7ou, apresentando um misto de atletas jovens e experientes com passagens pelo Trio de Ferro. Segundo informa\u00e7\u00f5es de Gustavo Jord\u00e3o, diretor executivo de futebol do Retr\u00f4, a folha salarial da equipe gira entre R$ 300 mil e 400 mil, patamar equivalente ao do Santa Cruz.<\/p>\n<p style=\"font-weight: 400; text-align: justify;\">\u201cConfiantes que faremos um bom Pernambucano, fatiamos o campeonato em tr\u00eas metas. A primeira \u00e9 conquistar a vaga para a S\u00e9rie D do Campeonato Brasileiro do pr\u00f3ximo ano. A segunda \u00e9 garantir a participa\u00e7\u00e3o na Copa do Brasil e a terceira \u00e9 ganhar o Estadual. Esses pontos s\u00e3o interdependentes, um n\u00e3o vai acontecer se o outro n\u00e3o se realizar\u201d, disse o dirigente da equipe, que conta com nomes de destaque no futebol pernambucano como Tiago Costa, Rodrigo Carvalho, Anderson Para\u00edba, Moreil\u00e2ndia, Valdeir e Hericles, e \u00e9 dirigida pelo t\u00e9cnico R\u00f4mulo Oliveira. Recentemente, o presidente do clube estimou premia\u00e7\u00f5es acima de R$ 1 milh\u00e3o para o elenco em caso de todas miss\u00f5es alcan\u00e7adas<\/p>\n<p style=\"text-align: justify;\">\u00a0<\/p>\n\n","protected":false},"excerpt":{"rendered":"<p>O Central estr\u00e9ia contra o Retr\u00f4, \u00e0s 20h, no Est\u00e1dio Luiz Jos\u00e9 de Lacerda (Lacerd\u00e3o), pelo Campeonato Pernambucano da S\u00e9rie&hellip;<\/p>\n","protected":false},"author":1,"featured_media":50794,"comment_status":"open","ping_status":"open","sticky":false,"template":"","format":"standard","meta":{"footnotes":""},"categories":[14124],"tags":[2,16881,17103],"class_list":["post-50793","post","type-post","status-publish","format-standard","has-post-thumbnail","hentry","category-centralsc","tag-blog-do-edvaldo-magalhaes","tag-caruaru-e-regiao","tag-central-estreia-no-pernambucano-contra-o-retro-no-lacerdao-neste-sabado-18"],"_links":{"self":[{"href":"https:\/\/blogdoedvaldomagalhaes.com.br\/index.php\/wp-json\/wp\/v2\/posts\/50793","targetHints":{"allow":["GET"]}}],"collection":[{"href":"https:\/\/blogdoedvaldomagalhaes.com.br\/index.php\/wp-json\/wp\/v2\/posts"}],"about":[{"href":"https:\/\/blogdoedvaldomagalhaes.com.br\/index.php\/wp-json\/wp\/v2\/types\/post"}],"author":[{"embeddable":true,"href":"https:\/\/blogdoedvaldomagalhaes.com.br\/index.php\/wp-json\/wp\/v2\/users\/1"}],"replies":[{"embeddable":true,"href":"https:\/\/blogdoedvaldomagalhaes.com.br\/index.php\/wp-json\/wp\/v2\/comments?post=50793"}],"version-history":[{"count":10,"href":"https:\/\/blogdoedvaldomagalhaes.com.br\/index.php\/wp-json\/wp\/v2\/posts\/50793\/revisions"}],"predecessor-version":[{"id":50808,"href":"https:\/\/blogdoedvaldomagalhaes.com.br\/index.php\/wp-json\/wp\/v2\/posts\/50793\/revisions\/50808"}],"wp:featuredmedia":[{"embeddable":true,"href":"https:\/\/blogdoedvaldomagalhaes.com.br\/index.php\/wp-json\/wp\/v2\/media\/50794"}],"wp:attachment":[{"href":"https:\/\/blogdoedvaldomagalhaes.com.br\/index.php\/wp-json\/wp\/v2\/media?parent=50793"}],"wp:term":[{"taxonomy":"category","embeddable":true,"href":"https:\/\/blogdoedvaldomagalhaes.com.br\/index.php\/wp-json\/wp\/v2\/categories?post=50793"},{"taxonomy":"post_tag","embeddable":true,"href":"https:\/\/blogdoedvaldomagalhaes.com.br\/index.php\/wp-json\/wp\/v2\/tags?post=50793"}],"curies":[{"name":"wp","href":"https:\/\/api.w.org\/{rel}","templated":true}]}}