{"id":5079,"date":"2017-08-13T17:14:00","date_gmt":"2017-08-13T20:14:00","guid":{"rendered":"http:\/\/blogdoedvaldomagalhaes.com.br\/index.php\/2017\/08\/13\/caminhao-de-agua-tomba-entre-caruaru-e\/"},"modified":"2019-02-09T01:39:04","modified_gmt":"2019-02-09T03:39:04","slug":"caminhao-de-agua-tomba-entre-caruaru-e","status":"publish","type":"post","link":"https:\/\/blogdoedvaldomagalhaes.com.br\/index.php\/2017\/08\/13\/caminhao-de-agua-tomba-entre-caruaru-e\/","title":{"rendered":"Caminh\u00e3o de \u00e1gua tomba entre Caruaru e S\u00e3o Caetano na BR-232"},"content":{"rendered":"<div class=\"separator\" style=\"clear: both; text-align: center;\">\n<a href=\"https:\/\/4.bp.blogspot.com\/-Y0xHNq7VP4E\/WZCIntsi8fI\/AAAAAAAAbhk\/M0sh2Qfgtt0ILvrS8rwfbqOyASGHKJmjgCLcBGAs\/s1600\/caminh%25C3%25A3o.jpg\" imageanchor=\"1\" style=\"margin-left: 1em; margin-right: 1em;\"><img loading=\"lazy\" decoding=\"async\" border=\"0\" data-original-height=\"505\" data-original-width=\"900\" height=\"223\" src=\"http:\/\/blogdoedvaldomagalhaes.com.br\/wp-content\/uploads\/2017\/08\/caminhC3A3o.jpg\" width=\"400\" \/><\/a><\/div>\n<div class=\"separator\" style=\"clear: both; text-align: center;\">\nFoto: Josias Souza<\/div>\n<div class=\"MsoNormal\" style=\"text-align: justify;\">\n<\/div>\n<div class=\"MsoNormal\" style=\"text-align: justify;\">\nUm caminh\u00e3o que transportava<br \/>\n\u00e1gua pot\u00e1vel tombou na BR-232, no Posto Agamenon, entre Caruaru e S\u00e3o Caetano.<br \/>\nO motorista foi socorrido pelo Samu para o Hospital Regional do Agreste (HRA).<br \/>\nAinda n\u00e3o h\u00e1 informa\u00e7\u00f5es sobre a gravidade dos ferimentos.<\/div>\n","protected":false},"excerpt":{"rendered":"<p>Foto: Josias Souza Um caminh\u00e3o que transportava \u00e1gua pot\u00e1vel tombou na BR-232, no Posto Agamenon, entre Caruaru e S\u00e3o Caetano.&hellip;<\/p>\n","protected":false},"author":1,"featured_media":0,"comment_status":"open","ping_status":"open","sticky":false,"template":"","format":"standard","meta":{"footnotes":""},"categories":[1],"tags":[2,6581,2083,6,5959],"class_list":["post-5079","post","type-post","status-publish","format-standard","hentry","category-sem-categoria","tag-blog-do-edvaldo-magalhaes","tag-caminhao-de-agua-tomba-entre-caruaru-e-sao-caetano-na-br-232","tag-hra","tag-noticias","tag-posto-agamenon"],"_links":{"self":[{"href":"https:\/\/blogdoedvaldomagalhaes.com.br\/index.php\/wp-json\/wp\/v2\/posts\/5079","targetHints":{"allow":["GET"]}}],"collection":[{"href":"https:\/\/blogdoedvaldomagalhaes.com.br\/index.php\/wp-json\/wp\/v2\/posts"}],"about":[{"href":"https:\/\/blogdoedvaldomagalhaes.com.br\/index.php\/wp-json\/wp\/v2\/types\/post"}],"author":[{"embeddable":true,"href":"https:\/\/blogdoedvaldomagalhaes.com.br\/index.php\/wp-json\/wp\/v2\/users\/1"}],"replies":[{"embeddable":true,"href":"https:\/\/blogdoedvaldomagalhaes.com.br\/index.php\/wp-json\/wp\/v2\/comments?post=5079"}],"version-history":[{"count":1,"href":"https:\/\/blogdoedvaldomagalhaes.com.br\/index.php\/wp-json\/wp\/v2\/posts\/5079\/revisions"}],"predecessor-version":[{"id":23037,"href":"https:\/\/blogdoedvaldomagalhaes.com.br\/index.php\/wp-json\/wp\/v2\/posts\/5079\/revisions\/23037"}],"wp:attachment":[{"href":"https:\/\/blogdoedvaldomagalhaes.com.br\/index.php\/wp-json\/wp\/v2\/media?parent=5079"}],"wp:term":[{"taxonomy":"category","embeddable":true,"href":"https:\/\/blogdoedvaldomagalhaes.com.br\/index.php\/wp-json\/wp\/v2\/categories?post=5079"},{"taxonomy":"post_tag","embeddable":true,"href":"https:\/\/blogdoedvaldomagalhaes.com.br\/index.php\/wp-json\/wp\/v2\/tags?post=5079"}],"curies":[{"name":"wp","href":"https:\/\/api.w.org\/{rel}","templated":true}]}}