{"id":50789,"date":"2020-01-17T21:04:39","date_gmt":"2020-01-18T00:04:39","guid":{"rendered":"http:\/\/blogdoedvaldomagalhaes.com.br\/?p=50789"},"modified":"2020-01-17T21:04:40","modified_gmt":"2020-01-18T00:04:40","slug":"caruaru-brincando-nas-ferias-tem-programacao-para-a-criancada-neste-fim-de-semana-em-caruaru","status":"publish","type":"post","link":"https:\/\/blogdoedvaldomagalhaes.com.br\/index.php\/2020\/01\/17\/caruaru-brincando-nas-ferias-tem-programacao-para-a-criancada-neste-fim-de-semana-em-caruaru\/","title":{"rendered":"&#8220;Caruaru Brincando nas F\u00e9rias&#8221; tem programa\u00e7\u00e3o para a crian\u00e7ada neste fim de semana em Caruaru"},"content":{"rendered":"<p style=\"text-align: justify;\"><span style=\"font-size: inherit;\">O projeto itinerante \u201cCaruaru Brincando nas F\u00e9rias\u201d passar\u00e1 por diversas comunidades caruaruenses durante o m\u00eas de janeiro. Neste s\u00e1bado (18), a iniciativa chega \u00e0 Pra\u00e7a da Sagrada Fam\u00edlia, no Jos\u00e9 Carlos de Oliveira; e \u00e0 Pra\u00e7a Arlindo Jo\u00e3o de Moura, no Salgado. J\u00e1 no domingo, o Monte Bom Jesus receber\u00e1 a a\u00e7\u00e3o.<\/span><\/p>\n<p style=\"text-align: justify;\">As crian\u00e7as e jovens poder\u00e3o se divertir de gra\u00e7a com brincadeiras e jogos esportivos como futsal, voleibol, pega-congelou, amarelinha, bicho de toca, barra-bandeira, junto \u00e0 equipe de profissionais e estagi\u00e1rios de Educa\u00e7\u00e3o F\u00edsica que participam.<\/p>\n<p style=\"text-align: justify;\">A a\u00e7\u00e3o est\u00e1 sendo promovida pela Prefeitura de Caruaru, atrav\u00e9s da Ger\u00eancia de Esporte e Lazer da Secretaria de Desenvolvimento Social e Direitos Humanos (SDSDH). O projeto itinerante de f\u00e9rias escolares foi iniciado no ano passado e divertiu as comunidades por onde passou.<\/p>\n<p style=\"text-align: justify;\">Programa\u00e7\u00e3o:<br \/>18.01- Pra\u00e7a da Sagrada Fam\u00edlia no Jos\u00e9 Carlos de Oliveira &#8211; 7h30 \u00e0s 10h<br \/>18.01 &#8211; Pra\u00e7a Arlindo Jo\u00e3o de Moura \u2013 Salgado &#8211; 15h \u00e0s 17h30<br \/>19.01 &#8211; Monte Bom Jesus &#8211; 15h \u00e0s 17h30<br \/>25.01- Rafael \u2013 Zona Rural \u2013 Escola Cesarina Moura &#8211; 7h30 \u00e0s 10h<br \/>25.01- Serra dos Pintos \u2013 Zona Rural &#8211; 15h \u00e0s 17h30<\/p>\n\n\n<figure class=\"wp-block-image size-large\"><img loading=\"lazy\" decoding=\"async\" width=\"1024\" height=\"1024\" src=\"http:\/\/blogdoedvaldomagalhaes.com.br\/wp-content\/uploads\/2020\/01\/IMG-20200117-WA0060-1024x1024.jpg\" alt=\"\" class=\"wp-image-50791\" srcset=\"https:\/\/blogdoedvaldomagalhaes.com.br\/wp-content\/uploads\/2020\/01\/IMG-20200117-WA0060-1024x1024.jpg 1024w, https:\/\/blogdoedvaldomagalhaes.com.br\/wp-content\/uploads\/2020\/01\/IMG-20200117-WA0060-300x300.jpg 300w, https:\/\/blogdoedvaldomagalhaes.com.br\/wp-content\/uploads\/2020\/01\/IMG-20200117-WA0060-150x150.jpg 150w, https:\/\/blogdoedvaldomagalhaes.com.br\/wp-content\/uploads\/2020\/01\/IMG-20200117-WA0060-768x768.jpg 768w, https:\/\/blogdoedvaldomagalhaes.com.br\/wp-content\/uploads\/2020\/01\/IMG-20200117-WA0060.jpg 1081w\" sizes=\"auto, (max-width: 1024px) 100vw, 1024px\" \/><\/figure>\n","protected":false},"excerpt":{"rendered":"<p>O projeto itinerante \u201cCaruaru Brincando nas F\u00e9rias\u201d passar\u00e1 por diversas comunidades caruaruenses durante o m\u00eas de janeiro. Neste s\u00e1bado (18),&hellip;<\/p>\n","protected":false},"author":1,"featured_media":50790,"comment_status":"open","ping_status":"open","sticky":false,"template":"","format":"standard","meta":{"footnotes":""},"categories":[1],"tags":[],"class_list":["post-50789","post","type-post","status-publish","format-standard","has-post-thumbnail","hentry","category-sem-categoria"],"_links":{"self":[{"href":"https:\/\/blogdoedvaldomagalhaes.com.br\/index.php\/wp-json\/wp\/v2\/posts\/50789","targetHints":{"allow":["GET"]}}],"collection":[{"href":"https:\/\/blogdoedvaldomagalhaes.com.br\/index.php\/wp-json\/wp\/v2\/posts"}],"about":[{"href":"https:\/\/blogdoedvaldomagalhaes.com.br\/index.php\/wp-json\/wp\/v2\/types\/post"}],"author":[{"embeddable":true,"href":"https:\/\/blogdoedvaldomagalhaes.com.br\/index.php\/wp-json\/wp\/v2\/users\/1"}],"replies":[{"embeddable":true,"href":"https:\/\/blogdoedvaldomagalhaes.com.br\/index.php\/wp-json\/wp\/v2\/comments?post=50789"}],"version-history":[{"count":1,"href":"https:\/\/blogdoedvaldomagalhaes.com.br\/index.php\/wp-json\/wp\/v2\/posts\/50789\/revisions"}],"predecessor-version":[{"id":50792,"href":"https:\/\/blogdoedvaldomagalhaes.com.br\/index.php\/wp-json\/wp\/v2\/posts\/50789\/revisions\/50792"}],"wp:featuredmedia":[{"embeddable":true,"href":"https:\/\/blogdoedvaldomagalhaes.com.br\/index.php\/wp-json\/wp\/v2\/media\/50790"}],"wp:attachment":[{"href":"https:\/\/blogdoedvaldomagalhaes.com.br\/index.php\/wp-json\/wp\/v2\/media?parent=50789"}],"wp:term":[{"taxonomy":"category","embeddable":true,"href":"https:\/\/blogdoedvaldomagalhaes.com.br\/index.php\/wp-json\/wp\/v2\/categories?post=50789"},{"taxonomy":"post_tag","embeddable":true,"href":"https:\/\/blogdoedvaldomagalhaes.com.br\/index.php\/wp-json\/wp\/v2\/tags?post=50789"}],"curies":[{"name":"wp","href":"https:\/\/api.w.org\/{rel}","templated":true}]}}