{"id":50786,"date":"2020-01-17T20:57:33","date_gmt":"2020-01-17T23:57:33","guid":{"rendered":"http:\/\/blogdoedvaldomagalhaes.com.br\/?p=50786"},"modified":"2020-01-17T20:57:34","modified_gmt":"2020-01-17T23:57:34","slug":"feirinha-musical-chega-a-21a-edicao-neste-domingo-19-em-serra-dos-cavalos","status":"publish","type":"post","link":"https:\/\/blogdoedvaldomagalhaes.com.br\/index.php\/2020\/01\/17\/feirinha-musical-chega-a-21a-edicao-neste-domingo-19-em-serra-dos-cavalos\/","title":{"rendered":"Feirinha Musical chega a 21\u00aa edi\u00e7\u00e3o neste domingo (19) em Serra dos Cavalos"},"content":{"rendered":"<p style=\"text-align: justify;\"><span style=\"font-size: inherit;\">A Prefeitura de Caruaru, por meio da Secretaria de Sustentabilidade e Desenvolvimento Rural (Suder), realiza neste s\u00e1bado (18) e domingo (19), a 21\u00aa edi\u00e7\u00e3o da Feira Musical do Parque Natural Municipal Professor Jo\u00e3o Vasconcelos Sobrinho, na Reserva de Serra dos Cavalos. O evento oferece uma caminhada, apresenta\u00e7\u00f5es musicais, exposi\u00e7\u00f5es de arte, barracas de artesanato e gastronomia para os visitantes e popula\u00e7\u00e3o local. A estrutura ir\u00e1 funcionar das 9h \u00e0s 18h.<\/span><\/p>\n<p style=\"text-align: justify;\">No s\u00e1bado, antes da Feira Musical, haver\u00e1 a trilha noturna com concentra\u00e7\u00e3o na sede do parque \u00e0s 17h com dois destinos, um para a Ecovila Vraja Dhama e o outro para o Eco Camping Ara\u00e7\u00e1.<\/p>\n<p style=\"text-align: justify;\">Nesta edi\u00e7\u00e3o da Feira Musical, a banda de forr\u00f3 de p\u00e9 de serra \u201cRainha da Sucata\u201d abre a programa\u00e7\u00e3o musical \u00e0s 13h. Al\u00e9m dela, ter\u00e1 a apresenta\u00e7\u00e3o de Lucas Oliveira, Alysson Xucuru e da Ecovila Vraja Dhama. O encerramento ser\u00e1 \u00e0s 17h com a apresenta\u00e7\u00e3o de Marcos Wendel e Ayla Santos, que ir\u00e3o saudar o p\u00f4r do sol no mirante do parque ao som de flauta transversal e flauta doce, respectivamente.<\/p>\n<p style=\"text-align: justify;\">O visitante tamb\u00e9m poder\u00e1 saborear um mix de produtos naturais como licores, pimentas org\u00e2nicas e ter contato com o artesanato local. Tamb\u00e9m ter\u00e1 um espa\u00e7o para divers\u00e3o da crian\u00e7ada, com a presen\u00e7a da animadora Z\u00ed.<\/p>\n<p style=\"text-align: justify;\">O evento \u00e9 gratuito e contar\u00e1 com uma linha de \u00f4nibus especial da Empresa Coletivo para fazer o traslado com sa\u00edda de dois pontos. O primeiro ponto ser\u00e1 no S\u00edtio Ara\u00e7\u00e1, no Murici, de onde o \u00f4nibus sair\u00e1 a cada duas horas, entre 6h e 17h30, e retorno \u00e0s 18h30. O segundo ponto ser\u00e1 ao lado do Col\u00e9gio Sagrado Cora\u00e7\u00e3o, no centro de Caruaru, nos hor\u00e1rios das 7h, 9h, 11h, 13h, 14h, 15h e 17h, com retorno \u00e0s 18h30. A passagem custa R$ 3,30. Mais informa\u00e7\u00f5es: (81) 9 9128-1002 (Rozano e Joyce).<\/p>\n","protected":false},"excerpt":{"rendered":"<p>A Prefeitura de Caruaru, por meio da Secretaria de Sustentabilidade e Desenvolvimento Rural (Suder), realiza neste s\u00e1bado (18) e domingo&hellip;<\/p>\n","protected":false},"author":1,"featured_media":50787,"comment_status":"open","ping_status":"open","sticky":false,"template":"","format":"standard","meta":{"footnotes":""},"categories":[14120],"tags":[2,16881,17102],"class_list":["post-50786","post","type-post","status-publish","format-standard","has-post-thumbnail","hentry","category-noticias","tag-blog-do-edvaldo-magalhaes","tag-caruaru-e-regiao","tag-feirinha-musical-chega-a-21a-edicao-neste-domingo-19-em-serra-dos-cavalos"],"_links":{"self":[{"href":"https:\/\/blogdoedvaldomagalhaes.com.br\/index.php\/wp-json\/wp\/v2\/posts\/50786","targetHints":{"allow":["GET"]}}],"collection":[{"href":"https:\/\/blogdoedvaldomagalhaes.com.br\/index.php\/wp-json\/wp\/v2\/posts"}],"about":[{"href":"https:\/\/blogdoedvaldomagalhaes.com.br\/index.php\/wp-json\/wp\/v2\/types\/post"}],"author":[{"embeddable":true,"href":"https:\/\/blogdoedvaldomagalhaes.com.br\/index.php\/wp-json\/wp\/v2\/users\/1"}],"replies":[{"embeddable":true,"href":"https:\/\/blogdoedvaldomagalhaes.com.br\/index.php\/wp-json\/wp\/v2\/comments?post=50786"}],"version-history":[{"count":1,"href":"https:\/\/blogdoedvaldomagalhaes.com.br\/index.php\/wp-json\/wp\/v2\/posts\/50786\/revisions"}],"predecessor-version":[{"id":50788,"href":"https:\/\/blogdoedvaldomagalhaes.com.br\/index.php\/wp-json\/wp\/v2\/posts\/50786\/revisions\/50788"}],"wp:featuredmedia":[{"embeddable":true,"href":"https:\/\/blogdoedvaldomagalhaes.com.br\/index.php\/wp-json\/wp\/v2\/media\/50787"}],"wp:attachment":[{"href":"https:\/\/blogdoedvaldomagalhaes.com.br\/index.php\/wp-json\/wp\/v2\/media?parent=50786"}],"wp:term":[{"taxonomy":"category","embeddable":true,"href":"https:\/\/blogdoedvaldomagalhaes.com.br\/index.php\/wp-json\/wp\/v2\/categories?post=50786"},{"taxonomy":"post_tag","embeddable":true,"href":"https:\/\/blogdoedvaldomagalhaes.com.br\/index.php\/wp-json\/wp\/v2\/tags?post=50786"}],"curies":[{"name":"wp","href":"https:\/\/api.w.org\/{rel}","templated":true}]}}