{"id":50781,"date":"2020-01-17T16:41:16","date_gmt":"2020-01-17T19:41:16","guid":{"rendered":"http:\/\/blogdoedvaldomagalhaes.com.br\/?p=50781"},"modified":"2020-01-17T16:41:20","modified_gmt":"2020-01-17T19:41:20","slug":"guarda-municipal-intensifica-patrulhamentos-nas-ruas-do-centro-de-caruaru","status":"publish","type":"post","link":"https:\/\/blogdoedvaldomagalhaes.com.br\/index.php\/2020\/01\/17\/guarda-municipal-intensifica-patrulhamentos-nas-ruas-do-centro-de-caruaru\/","title":{"rendered":"Guarda Municipal intensifica patrulhamentos nas ruas do centro de Caruaru"},"content":{"rendered":"<p style=\"text-align: justify;\"><span style=\"font-size: inherit;\">A Guarda Municipal de Caruaru conta com o efetivo de 136 profissionais, cumprindo, diariamente, o seu papel na seguran\u00e7a p\u00fablica do munic\u00edpio. A partir deste m\u00eas, o \u00f3rg\u00e3o ganha mais um tarefa dentro do seu escopo de atua\u00e7\u00e3o: o grupamento ostensivo nas ruas do centro da cidade.<\/span><\/p>\n<p style=\"text-align: justify;\">Com papel atuante tamb\u00e9m nos patrulhamentos Maria da Penha, rural e ambiental, escolar, grupamento educativo e grupamento de ciclismo, a amplia\u00e7\u00e3o das atividades da Guarda Municipal foi poss\u00edvel gra\u00e7as ao crescimento do n\u00famero de profissionais. \u201cCom a nomea\u00e7\u00e3o dos 100 novos guardas municipais, houve uma melhora significativa em nosso contingente e em rela\u00e7\u00e3o ao nosso trabalho. Agora podemos contar com mais viaturas e refor\u00e7ar a seguran\u00e7a na nossa cidade com os patrulhamentos e ajudar tamb\u00e9m no ordenamento do tr\u00e2nsito\u201d, ressaltou o Comandante da Guarda Municipal de Caruaru, Evandir Amorim.<\/p>\n<p style=\"text-align: justify;\">J\u00e1 \u00e9 possivel conferir o patrulhamento ostensivo, que s\u00e3o trios de guardas que trabalham a p\u00e9 nas principais vias do centro, Via Parque, Nossa Avenida, Monte Bom Jesus e nas feiras de Artesanato, do Gado e da Sulanca.<\/p>\n<p style=\"text-align: justify;\">A import\u00e2ncia desse trabalho permite uma maior aproxima\u00e7\u00e3o da popula\u00e7\u00e3o e comerciantes com os guardas municipais, promovendo, a partir do patrulhamento a p\u00e9, um trabalho ostensivo e preventivo, transmitindo maior seguran\u00e7a para todos os envolvidos.<\/p>\n<p style=\"text-align: justify;\">Uma estrat\u00e9gica inteligente que ajuda diretamente no zelo pelo bem dos cidad\u00e3os e patrim\u00f4nios p\u00fablicos como escolas, hospitais, pra\u00e7as, monumentos e outros espa\u00e7os cujo munic\u00edpio administra.<\/p>\n\n\n<figure class=\"wp-block-image size-large\"><img loading=\"lazy\" decoding=\"async\" width=\"1024\" height=\"682\" src=\"http:\/\/blogdoedvaldomagalhaes.com.br\/wp-content\/uploads\/2020\/01\/IMG-20200117-WA0101-1024x682.jpg\" alt=\"\" class=\"wp-image-50783\" srcset=\"https:\/\/blogdoedvaldomagalhaes.com.br\/wp-content\/uploads\/2020\/01\/IMG-20200117-WA0101-1024x682.jpg 1024w, https:\/\/blogdoedvaldomagalhaes.com.br\/wp-content\/uploads\/2020\/01\/IMG-20200117-WA0101-300x200.jpg 300w, https:\/\/blogdoedvaldomagalhaes.com.br\/wp-content\/uploads\/2020\/01\/IMG-20200117-WA0101-768x512.jpg 768w, https:\/\/blogdoedvaldomagalhaes.com.br\/wp-content\/uploads\/2020\/01\/IMG-20200117-WA0101.jpg 1280w\" sizes=\"auto, (max-width: 1024px) 100vw, 1024px\" \/><\/figure>\n\n\n\n<figure class=\"wp-block-image size-large\"><img loading=\"lazy\" decoding=\"async\" width=\"1024\" height=\"682\" src=\"http:\/\/blogdoedvaldomagalhaes.com.br\/wp-content\/uploads\/2020\/01\/IMG-20200117-WA0103-1024x682.jpg\" alt=\"\" class=\"wp-image-50784\" srcset=\"https:\/\/blogdoedvaldomagalhaes.com.br\/wp-content\/uploads\/2020\/01\/IMG-20200117-WA0103-1024x682.jpg 1024w, https:\/\/blogdoedvaldomagalhaes.com.br\/wp-content\/uploads\/2020\/01\/IMG-20200117-WA0103-300x200.jpg 300w, https:\/\/blogdoedvaldomagalhaes.com.br\/wp-content\/uploads\/2020\/01\/IMG-20200117-WA0103-768x512.jpg 768w, https:\/\/blogdoedvaldomagalhaes.com.br\/wp-content\/uploads\/2020\/01\/IMG-20200117-WA0103.jpg 1280w\" sizes=\"auto, (max-width: 1024px) 100vw, 1024px\" \/><figcaption>Cr\u00e9ditos: Arnaldo F\u00e9lix<\/figcaption><\/figure>\n","protected":false},"excerpt":{"rendered":"<p>A Guarda Municipal de Caruaru conta com o efetivo de 136 profissionais, cumprindo, diariamente, o seu papel na seguran\u00e7a p\u00fablica&hellip;<\/p>\n","protected":false},"author":1,"featured_media":50782,"comment_status":"open","ping_status":"open","sticky":false,"template":"","format":"standard","meta":{"footnotes":""},"categories":[14120],"tags":[2,16881,17101],"class_list":["post-50781","post","type-post","status-publish","format-standard","has-post-thumbnail","hentry","category-noticias","tag-blog-do-edvaldo-magalhaes","tag-caruaru-e-regiao","tag-guarda-municipal-intensifica-patrulhamentos-nas-ruas-do-centro-de-caruaru"],"_links":{"self":[{"href":"https:\/\/blogdoedvaldomagalhaes.com.br\/index.php\/wp-json\/wp\/v2\/posts\/50781","targetHints":{"allow":["GET"]}}],"collection":[{"href":"https:\/\/blogdoedvaldomagalhaes.com.br\/index.php\/wp-json\/wp\/v2\/posts"}],"about":[{"href":"https:\/\/blogdoedvaldomagalhaes.com.br\/index.php\/wp-json\/wp\/v2\/types\/post"}],"author":[{"embeddable":true,"href":"https:\/\/blogdoedvaldomagalhaes.com.br\/index.php\/wp-json\/wp\/v2\/users\/1"}],"replies":[{"embeddable":true,"href":"https:\/\/blogdoedvaldomagalhaes.com.br\/index.php\/wp-json\/wp\/v2\/comments?post=50781"}],"version-history":[{"count":1,"href":"https:\/\/blogdoedvaldomagalhaes.com.br\/index.php\/wp-json\/wp\/v2\/posts\/50781\/revisions"}],"predecessor-version":[{"id":50785,"href":"https:\/\/blogdoedvaldomagalhaes.com.br\/index.php\/wp-json\/wp\/v2\/posts\/50781\/revisions\/50785"}],"wp:featuredmedia":[{"embeddable":true,"href":"https:\/\/blogdoedvaldomagalhaes.com.br\/index.php\/wp-json\/wp\/v2\/media\/50782"}],"wp:attachment":[{"href":"https:\/\/blogdoedvaldomagalhaes.com.br\/index.php\/wp-json\/wp\/v2\/media?parent=50781"}],"wp:term":[{"taxonomy":"category","embeddable":true,"href":"https:\/\/blogdoedvaldomagalhaes.com.br\/index.php\/wp-json\/wp\/v2\/categories?post=50781"},{"taxonomy":"post_tag","embeddable":true,"href":"https:\/\/blogdoedvaldomagalhaes.com.br\/index.php\/wp-json\/wp\/v2\/tags?post=50781"}],"curies":[{"name":"wp","href":"https:\/\/api.w.org\/{rel}","templated":true}]}}