{"id":50778,"date":"2020-01-17T14:57:03","date_gmt":"2020-01-17T17:57:03","guid":{"rendered":"http:\/\/blogdoedvaldomagalhaes.com.br\/?p=50778"},"modified":"2020-01-17T14:57:06","modified_gmt":"2020-01-17T17:57:06","slug":"confira-as-atracoes-da-festa-de-sao-sebastiao-em-riacho-das-almas","status":"publish","type":"post","link":"https:\/\/blogdoedvaldomagalhaes.com.br\/index.php\/2020\/01\/17\/confira-as-atracoes-da-festa-de-sao-sebastiao-em-riacho-das-almas\/","title":{"rendered":"Confira as atra\u00e7\u00f5es da Festa de S\u00e3o Sebasti\u00e3o em Riacho das Almas"},"content":{"rendered":"<p style=\"text-align: justify;\"><span style=\"font-size: inherit;\">A Prefeitura de Riacho das Almas em parceria com a Comunidade Cat\u00f3lica e o Governo de Pernambuco divulgam as atra\u00e7\u00f5es que v\u00e3o se apresentar dentro das comemora\u00e7\u00f5es em homenagem a S\u00e3o Sebasti\u00e3o, padroeiro da cidade.<\/span><\/p>\n<p style=\"text-align: justify;\">Os shows ser\u00e3o realizados nos dias 24 e 25 de janeiro em pra\u00e7a p\u00fablica, em uma grande estrutura montada no P\u00e1tio de Eventos Arraial do Gonzag\u00e3o. Confira a programa\u00e7\u00e3o:<\/p>\n<p style=\"text-align: justify;\">Sexta-feira (24\/01) &#8211; 21h<br \/>\nKelvis Duran<br \/>\nCavaleiros do Forr\u00f3<\/p>\n<p style=\"text-align: justify;\">S\u00e1bado (25\/01) \u2013 20h<br \/>\nAtra\u00e7\u00e3o surpresa<br \/>\nBonde do Brasil<br \/>\nCalcinha Preta<\/p>\n","protected":false},"excerpt":{"rendered":"<p>A Prefeitura de Riacho das Almas em parceria com a Comunidade Cat\u00f3lica e o Governo de Pernambuco divulgam as atra\u00e7\u00f5es&hellip;<\/p>\n","protected":false},"author":1,"featured_media":50779,"comment_status":"open","ping_status":"open","sticky":false,"template":"","format":"standard","meta":{"footnotes":""},"categories":[14120],"tags":[2,16881,17100],"class_list":["post-50778","post","type-post","status-publish","format-standard","has-post-thumbnail","hentry","category-noticias","tag-blog-do-edvaldo-magalhaes","tag-caruaru-e-regiao","tag-confira-as-atracoes-da-festa-de-sao-sebastiao-em-riacho-das-almas"],"_links":{"self":[{"href":"https:\/\/blogdoedvaldomagalhaes.com.br\/index.php\/wp-json\/wp\/v2\/posts\/50778","targetHints":{"allow":["GET"]}}],"collection":[{"href":"https:\/\/blogdoedvaldomagalhaes.com.br\/index.php\/wp-json\/wp\/v2\/posts"}],"about":[{"href":"https:\/\/blogdoedvaldomagalhaes.com.br\/index.php\/wp-json\/wp\/v2\/types\/post"}],"author":[{"embeddable":true,"href":"https:\/\/blogdoedvaldomagalhaes.com.br\/index.php\/wp-json\/wp\/v2\/users\/1"}],"replies":[{"embeddable":true,"href":"https:\/\/blogdoedvaldomagalhaes.com.br\/index.php\/wp-json\/wp\/v2\/comments?post=50778"}],"version-history":[{"count":1,"href":"https:\/\/blogdoedvaldomagalhaes.com.br\/index.php\/wp-json\/wp\/v2\/posts\/50778\/revisions"}],"predecessor-version":[{"id":50780,"href":"https:\/\/blogdoedvaldomagalhaes.com.br\/index.php\/wp-json\/wp\/v2\/posts\/50778\/revisions\/50780"}],"wp:featuredmedia":[{"embeddable":true,"href":"https:\/\/blogdoedvaldomagalhaes.com.br\/index.php\/wp-json\/wp\/v2\/media\/50779"}],"wp:attachment":[{"href":"https:\/\/blogdoedvaldomagalhaes.com.br\/index.php\/wp-json\/wp\/v2\/media?parent=50778"}],"wp:term":[{"taxonomy":"category","embeddable":true,"href":"https:\/\/blogdoedvaldomagalhaes.com.br\/index.php\/wp-json\/wp\/v2\/categories?post=50778"},{"taxonomy":"post_tag","embeddable":true,"href":"https:\/\/blogdoedvaldomagalhaes.com.br\/index.php\/wp-json\/wp\/v2\/tags?post=50778"}],"curies":[{"name":"wp","href":"https:\/\/api.w.org\/{rel}","templated":true}]}}