{"id":50760,"date":"2020-01-17T10:28:35","date_gmt":"2020-01-17T13:28:35","guid":{"rendered":"http:\/\/blogdoedvaldomagalhaes.com.br\/?p=50760"},"modified":"2020-01-17T10:39:22","modified_gmt":"2020-01-17T13:39:22","slug":"operacao-transito-integrado-recolhe-21-veiculos-irregulares-em-caruaru","status":"publish","type":"post","link":"https:\/\/blogdoedvaldomagalhaes.com.br\/index.php\/2020\/01\/17\/operacao-transito-integrado-recolhe-21-veiculos-irregulares-em-caruaru\/","title":{"rendered":"Opera\u00e7\u00e3o Tr\u00e2nsito Integrado recolhe 21 ve\u00edculos irregulares em Caruaru"},"content":{"rendered":"<p style=\"text-align: justify;\"><span style=\"font-size: inherit;\">Uma Opera\u00e7\u00e3o intitulada \u201cTr\u00e2nsito Integrado\u201d recolheu 21 ve\u00edculos irregulares na quinta-feira (16), na BR 232, BR 104 e PE 95, no per\u00edmetro urbano de Caruaru, no Agreste de Pernambuco. A iniciativa est\u00e1 inserida na Opera\u00e7\u00e3o Rodovida e teve como objetivo reduzir a viol\u00eancia no tr\u00e2nsito, al\u00e9m de proporcionar mais seguran\u00e7a a motoristas e passageiros da regi\u00e3o.<\/span><\/p>\n<p style=\"text-align: justify;\">Durante a opera\u00e7\u00e3o foi realizado um cintur\u00e3o de seguran\u00e7a vi\u00e1ria na cidade, a partir da integra\u00e7\u00e3o entre a Pol\u00edcia Rodovi\u00e1ria Federal (PRF), o 1\u00ba Batalh\u00e3o Integrado Especializado da Pol\u00edcia Militar (1\u00ba BIEsp-PM), o Departamento Estadual de Tr\u00e2nsito (Detran-PE) e o Batalh\u00e3o de Pol\u00edcia de Tr\u00e2nsito (BPTran).<\/p>\n<p style=\"text-align: justify;\">Ao todo, foram fiscalizadas 207 pessoas e 194 ve\u00edculos, sendo emitidos 208 autos de infra\u00e7\u00e3o por diversas irregularidades. Entre elas, destacam-se o n\u00e3o uso do capacete, falta da carteira de habilita\u00e7\u00e3o, embriaguez ao volante, mau estado de conserva\u00e7\u00e3o dos ve\u00edculos e licenciamento atrasado.<\/p>\n<p style=\"text-align: justify;\">Tamb\u00e9m foram recolhidos 19 Certificados de Registro e Licenciamento de Ve\u00edculo (CRLVs) e duas Carteiras Nacionais de Habilita\u00e7\u00e3o (CNHs). No combate \u00e0 alcoolemia, foram realizados 105 testes com o baf\u00f4metro e emitida uma autua\u00e7\u00e3o por recusa.<\/p>\n<p style=\"text-align: justify;\">Durante a abordagem a um carro ocupado por dois homens, foi constatado que o ve\u00edculo havia sido roubado em Santa Rita, na Para\u00edba. O flagrante foi realizado pelo BIEsp na PE 95, que encaminhou a dupla \u00e0 Delegacia de Pol\u00edcia Civil da regi\u00e3o.<\/p>\n\n\n<figure class=\"wp-block-image size-large\"><img loading=\"lazy\" decoding=\"async\" width=\"1024\" height=\"768\" src=\"http:\/\/blogdoedvaldomagalhaes.com.br\/wp-content\/uploads\/2020\/01\/IMG-20200117-WA0033-1024x768.jpg\" alt=\"\" class=\"wp-image-50763\" srcset=\"https:\/\/blogdoedvaldomagalhaes.com.br\/wp-content\/uploads\/2020\/01\/IMG-20200117-WA0033-1024x768.jpg 1024w, https:\/\/blogdoedvaldomagalhaes.com.br\/wp-content\/uploads\/2020\/01\/IMG-20200117-WA0033-300x225.jpg 300w, https:\/\/blogdoedvaldomagalhaes.com.br\/wp-content\/uploads\/2020\/01\/IMG-20200117-WA0033-768x576.jpg 768w, https:\/\/blogdoedvaldomagalhaes.com.br\/wp-content\/uploads\/2020\/01\/IMG-20200117-WA0033-160x120.jpg 160w, https:\/\/blogdoedvaldomagalhaes.com.br\/wp-content\/uploads\/2020\/01\/IMG-20200117-WA0033.jpg 1280w\" sizes=\"auto, (max-width: 1024px) 100vw, 1024px\" \/><\/figure>\n\n\n\n<figure class=\"wp-block-image size-large\"><img loading=\"lazy\" decoding=\"async\" width=\"1024\" height=\"768\" src=\"http:\/\/blogdoedvaldomagalhaes.com.br\/wp-content\/uploads\/2020\/01\/IMG-20200117-WA0032-1024x768.jpg\" alt=\"\" class=\"wp-image-50764\" srcset=\"https:\/\/blogdoedvaldomagalhaes.com.br\/wp-content\/uploads\/2020\/01\/IMG-20200117-WA0032-1024x768.jpg 1024w, https:\/\/blogdoedvaldomagalhaes.com.br\/wp-content\/uploads\/2020\/01\/IMG-20200117-WA0032-300x225.jpg 300w, https:\/\/blogdoedvaldomagalhaes.com.br\/wp-content\/uploads\/2020\/01\/IMG-20200117-WA0032-768x576.jpg 768w, https:\/\/blogdoedvaldomagalhaes.com.br\/wp-content\/uploads\/2020\/01\/IMG-20200117-WA0032-160x120.jpg 160w, https:\/\/blogdoedvaldomagalhaes.com.br\/wp-content\/uploads\/2020\/01\/IMG-20200117-WA0032.jpg 1280w\" sizes=\"auto, (max-width: 1024px) 100vw, 1024px\" \/><\/figure>\n\n\n\n<figure class=\"wp-block-image size-large\"><img loading=\"lazy\" decoding=\"async\" width=\"1024\" height=\"768\" src=\"http:\/\/blogdoedvaldomagalhaes.com.br\/wp-content\/uploads\/2020\/01\/IMG-20200117-WA0028-1024x768.jpg\" alt=\"\" class=\"wp-image-50765\" srcset=\"https:\/\/blogdoedvaldomagalhaes.com.br\/wp-content\/uploads\/2020\/01\/IMG-20200117-WA0028-1024x768.jpg 1024w, https:\/\/blogdoedvaldomagalhaes.com.br\/wp-content\/uploads\/2020\/01\/IMG-20200117-WA0028-300x225.jpg 300w, https:\/\/blogdoedvaldomagalhaes.com.br\/wp-content\/uploads\/2020\/01\/IMG-20200117-WA0028-768x576.jpg 768w, https:\/\/blogdoedvaldomagalhaes.com.br\/wp-content\/uploads\/2020\/01\/IMG-20200117-WA0028-160x120.jpg 160w, https:\/\/blogdoedvaldomagalhaes.com.br\/wp-content\/uploads\/2020\/01\/IMG-20200117-WA0028.jpg 1280w\" sizes=\"auto, (max-width: 1024px) 100vw, 1024px\" \/><\/figure>\n\n\n\n<figure class=\"wp-block-image size-large\"><img loading=\"lazy\" decoding=\"async\" width=\"1024\" height=\"768\" src=\"http:\/\/blogdoedvaldomagalhaes.com.br\/wp-content\/uploads\/2020\/01\/IMG-20200117-WA0031-1024x768.jpg\" alt=\"\" class=\"wp-image-50766\" srcset=\"https:\/\/blogdoedvaldomagalhaes.com.br\/wp-content\/uploads\/2020\/01\/IMG-20200117-WA0031-1024x768.jpg 1024w, https:\/\/blogdoedvaldomagalhaes.com.br\/wp-content\/uploads\/2020\/01\/IMG-20200117-WA0031-300x225.jpg 300w, https:\/\/blogdoedvaldomagalhaes.com.br\/wp-content\/uploads\/2020\/01\/IMG-20200117-WA0031-768x576.jpg 768w, https:\/\/blogdoedvaldomagalhaes.com.br\/wp-content\/uploads\/2020\/01\/IMG-20200117-WA0031-160x120.jpg 160w, https:\/\/blogdoedvaldomagalhaes.com.br\/wp-content\/uploads\/2020\/01\/IMG-20200117-WA0031.jpg 1280w\" sizes=\"auto, (max-width: 1024px) 100vw, 1024px\" \/><figcaption>Informa\u00e7\u00f5es e fotos: PRF<\/figcaption><\/figure>\n","protected":false},"excerpt":{"rendered":"<p>Uma Opera\u00e7\u00e3o intitulada \u201cTr\u00e2nsito Integrado\u201d recolheu 21 ve\u00edculos irregulares na quinta-feira (16), na BR 232, BR 104 e PE 95,&hellip;<\/p>\n","protected":false},"author":1,"featured_media":50761,"comment_status":"open","ping_status":"open","sticky":false,"template":"","format":"standard","meta":{"footnotes":""},"categories":[14121],"tags":[2,16881,17098],"class_list":["post-50760","post","type-post","status-publish","format-standard","has-post-thumbnail","hentry","category-policial","tag-blog-do-edvaldo-magalhaes","tag-caruaru-e-regiao","tag-operacao-transito-integrado-recolhe-21-veiculos-irregulares-em-caruaru"],"_links":{"self":[{"href":"https:\/\/blogdoedvaldomagalhaes.com.br\/index.php\/wp-json\/wp\/v2\/posts\/50760","targetHints":{"allow":["GET"]}}],"collection":[{"href":"https:\/\/blogdoedvaldomagalhaes.com.br\/index.php\/wp-json\/wp\/v2\/posts"}],"about":[{"href":"https:\/\/blogdoedvaldomagalhaes.com.br\/index.php\/wp-json\/wp\/v2\/types\/post"}],"author":[{"embeddable":true,"href":"https:\/\/blogdoedvaldomagalhaes.com.br\/index.php\/wp-json\/wp\/v2\/users\/1"}],"replies":[{"embeddable":true,"href":"https:\/\/blogdoedvaldomagalhaes.com.br\/index.php\/wp-json\/wp\/v2\/comments?post=50760"}],"version-history":[{"count":3,"href":"https:\/\/blogdoedvaldomagalhaes.com.br\/index.php\/wp-json\/wp\/v2\/posts\/50760\/revisions"}],"predecessor-version":[{"id":50768,"href":"https:\/\/blogdoedvaldomagalhaes.com.br\/index.php\/wp-json\/wp\/v2\/posts\/50760\/revisions\/50768"}],"wp:featuredmedia":[{"embeddable":true,"href":"https:\/\/blogdoedvaldomagalhaes.com.br\/index.php\/wp-json\/wp\/v2\/media\/50761"}],"wp:attachment":[{"href":"https:\/\/blogdoedvaldomagalhaes.com.br\/index.php\/wp-json\/wp\/v2\/media?parent=50760"}],"wp:term":[{"taxonomy":"category","embeddable":true,"href":"https:\/\/blogdoedvaldomagalhaes.com.br\/index.php\/wp-json\/wp\/v2\/categories?post=50760"},{"taxonomy":"post_tag","embeddable":true,"href":"https:\/\/blogdoedvaldomagalhaes.com.br\/index.php\/wp-json\/wp\/v2\/tags?post=50760"}],"curies":[{"name":"wp","href":"https:\/\/api.w.org\/{rel}","templated":true}]}}