{"id":50747,"date":"2020-01-16T21:48:32","date_gmt":"2020-01-17T00:48:32","guid":{"rendered":"http:\/\/blogdoedvaldomagalhaes.com.br\/?p=50747"},"modified":"2020-01-16T22:17:04","modified_gmt":"2020-01-17T01:17:04","slug":"morre-cantor-compositor-e-radialista-caruaruense-luiz-vieira","status":"publish","type":"post","link":"https:\/\/blogdoedvaldomagalhaes.com.br\/index.php\/2020\/01\/16\/morre-cantor-compositor-e-radialista-caruaruense-luiz-vieira\/","title":{"rendered":"Morre cantor, compositor e radialista caruaruense Luiz Vieira"},"content":{"rendered":"<p style=\"text-align: justify;\">Faleceu nesta quinta-feira (16), o cantor, compositor e radialista caruaruense Luiz Vieira. Ele tinha 91 anos e estava internado em um hospital da Zona Sul do Rio de Janeiro, ap\u00f3s passar mal em casa, na noite de quarta-feira (15). Nascido em Caruaru, Luiz Vieira se mudou para o Rio ainda crian\u00e7a, onde foi criado pelo av\u00f4, em S\u00e3o Gon\u00e7alo. Durante sua passagem pela R\u00e1dio Tamoio, tornou-se \u201cPr\u00edncipe do bai\u00e3o\u201d quando apresentou com o saudoso Luiz Gonzaga o programa \u2018Salve o bai\u00e3o\u2019. Vieira \u00e9 autor de muitos sucessos como \u201cPaz do meu amor\u201d \u201cA voz do povo\u201d e muitos outros, ele tem mais de 500 m\u00fasicas gravadas por grandes artistas, entre eles: Caetano Veloso, Nara Le\u00e3o, Moacyr Franco, Hebe Camargo, Agnaldo Rayol, Elba Ramalho, Luiz Gonzaga e Fagner.<\/p>\n<p style=\"text-align: justify;\">Um tributo em homenagem aos 90 anos do artista foi realizado em outubro de 2018, em S\u00e3o Paulo e contou com a presen\u00e7a de nomes como: Zeca Baleiro, Renato Teixeira e Daniel. O show se tornou um disco, em maio do ano passado.<\/p>\n<p>NOTA DE PESAR<\/p>\n<p style=\"text-align: justify;\">A Prefeitura de Caruaru, atrav\u00e9s da Funda\u00e7\u00e3o de Cultura e Turismo (FCTC), lamenta a morte do compositor caruaruenses Luiz Vieira. O artista ficou conhecido nos anos 1950 pelo seu trabalho como radialista nas r\u00e1dios Tupi e Record, e principalmente por compor m\u00fasicas como &#8220;Menino Passarinho&#8221;, uma linda can\u00e7\u00e3o gravada por ele em 1962 e guardada at\u00e9 hoje na nossa mem\u00f3ria. Luiz escreveu mais de 500 m\u00fasicas, que foram gravadas por nomes como Luiz Gonzaga, Caetano Veloso e Rita Lee; e seu legado permanecer\u00e1 na cultura caruaruense.<\/p>\n","protected":false},"excerpt":{"rendered":"<p>Faleceu nesta quinta-feira (16), o cantor, compositor e radialista caruaruense Luiz Vieira. Ele tinha 91 anos e estava internado em&hellip;<\/p>\n","protected":false},"author":1,"featured_media":50748,"comment_status":"open","ping_status":"open","sticky":false,"template":"","format":"standard","meta":{"footnotes":""},"categories":[14120],"tags":[16881,17096,17095],"class_list":["post-50747","post","type-post","status-publish","format-standard","has-post-thumbnail","hentry","category-noticias","tag-caruaru-e-regiao","tag-compositor-e-radialista-caruaruense-luiz-vieira","tag-morre-cantor"],"_links":{"self":[{"href":"https:\/\/blogdoedvaldomagalhaes.com.br\/index.php\/wp-json\/wp\/v2\/posts\/50747","targetHints":{"allow":["GET"]}}],"collection":[{"href":"https:\/\/blogdoedvaldomagalhaes.com.br\/index.php\/wp-json\/wp\/v2\/posts"}],"about":[{"href":"https:\/\/blogdoedvaldomagalhaes.com.br\/index.php\/wp-json\/wp\/v2\/types\/post"}],"author":[{"embeddable":true,"href":"https:\/\/blogdoedvaldomagalhaes.com.br\/index.php\/wp-json\/wp\/v2\/users\/1"}],"replies":[{"embeddable":true,"href":"https:\/\/blogdoedvaldomagalhaes.com.br\/index.php\/wp-json\/wp\/v2\/comments?post=50747"}],"version-history":[{"count":3,"href":"https:\/\/blogdoedvaldomagalhaes.com.br\/index.php\/wp-json\/wp\/v2\/posts\/50747\/revisions"}],"predecessor-version":[{"id":50751,"href":"https:\/\/blogdoedvaldomagalhaes.com.br\/index.php\/wp-json\/wp\/v2\/posts\/50747\/revisions\/50751"}],"wp:featuredmedia":[{"embeddable":true,"href":"https:\/\/blogdoedvaldomagalhaes.com.br\/index.php\/wp-json\/wp\/v2\/media\/50748"}],"wp:attachment":[{"href":"https:\/\/blogdoedvaldomagalhaes.com.br\/index.php\/wp-json\/wp\/v2\/media?parent=50747"}],"wp:term":[{"taxonomy":"category","embeddable":true,"href":"https:\/\/blogdoedvaldomagalhaes.com.br\/index.php\/wp-json\/wp\/v2\/categories?post=50747"},{"taxonomy":"post_tag","embeddable":true,"href":"https:\/\/blogdoedvaldomagalhaes.com.br\/index.php\/wp-json\/wp\/v2\/tags?post=50747"}],"curies":[{"name":"wp","href":"https:\/\/api.w.org\/{rel}","templated":true}]}}