{"id":50735,"date":"2020-01-16T20:40:31","date_gmt":"2020-01-16T23:40:31","guid":{"rendered":"http:\/\/blogdoedvaldomagalhaes.com.br\/?p=50735"},"modified":"2020-01-16T21:35:50","modified_gmt":"2020-01-17T00:35:50","slug":"perseguicao-e-troca-de-tiros-entre-policia-e-acusados-de-furar-bloqueio-em-caruaru","status":"publish","type":"post","link":"https:\/\/blogdoedvaldomagalhaes.com.br\/index.php\/2020\/01\/16\/perseguicao-e-troca-de-tiros-entre-policia-e-acusados-de-furar-bloqueio-em-caruaru\/","title":{"rendered":"Persegui\u00e7\u00e3o e troca de tiros entre pol\u00edcia e acusados de furar bloqueio em Caruaru"},"content":{"rendered":"<p style=\"text-align: justify;\"><span style=\"font-size: inherit;\">Na noite desta quinta-feira (16), a Pol\u00edcia Militar realizou um bloqueio, nas proximidades do 4\u00b0 BPM, na BR-104, em Caruaru, quando um ve\u00edculo Gol de cor branca que havia sido roubado em Bezerros-PE, furou o bloqueio, sendo iniciada assim uma persegui\u00e7\u00e3o. Os suspeitos atiraram contra os policiais, que revidaram, chegando no bairro Centen\u00e1rio, o motorista do Gol perdeu o controle da dire\u00e7\u00e3o e colidiu em uma resid\u00eancia, os ocupantes desceram do carro atirando contra os PMs, e troca de tiros um dos suspeitos de nome Paulo Ricardo de Freitas, de 27 anos de idade, foi atingido pelos disparos de arma de fogo, sendo socorrido para o Hospital Regional do Agreste (HRA), pela PMPE, que prendeu Joanderson Jos\u00e9 de Oliveira, de 21 anos. A pol\u00edcia apreendeu um rev\u00f3lver calibre 38 com tr\u00eas muni\u00e7\u00f5es deflagradas.<\/span><\/p>\n<p style=\"text-align: justify;\">Continue acessando o Blog, mais informa\u00e7\u00f5es a qualquer momento.\u00a0<\/p>\n\n\n<figure class=\"wp-block-image size-large\"><img loading=\"lazy\" decoding=\"async\" width=\"576\" height=\"1024\" src=\"http:\/\/blogdoedvaldomagalhaes.com.br\/wp-content\/uploads\/2020\/01\/FB_IMG_1579216977814-576x1024.jpg\" alt=\"\" class=\"wp-image-50739\" srcset=\"https:\/\/blogdoedvaldomagalhaes.com.br\/wp-content\/uploads\/2020\/01\/FB_IMG_1579216977814-576x1024.jpg 576w, https:\/\/blogdoedvaldomagalhaes.com.br\/wp-content\/uploads\/2020\/01\/FB_IMG_1579216977814-169x300.jpg 169w, https:\/\/blogdoedvaldomagalhaes.com.br\/wp-content\/uploads\/2020\/01\/FB_IMG_1579216977814.jpg 720w\" sizes=\"auto, (max-width: 576px) 100vw, 576px\" \/><figcaption>Fotos: Reprodu\u00e7\u00e3o\/WhatsApp<\/figcaption><\/figure>\n\n\n\n<figure class=\"wp-block-image size-large\"><img loading=\"lazy\" decoding=\"async\" width=\"1024\" height=\"768\" src=\"http:\/\/blogdoedvaldomagalhaes.com.br\/wp-content\/uploads\/2020\/01\/IMG_20200116_200850845-1024x768.jpg\" alt=\"\" class=\"wp-image-50742\" srcset=\"https:\/\/blogdoedvaldomagalhaes.com.br\/wp-content\/uploads\/2020\/01\/IMG_20200116_200850845-1024x768.jpg 1024w, https:\/\/blogdoedvaldomagalhaes.com.br\/wp-content\/uploads\/2020\/01\/IMG_20200116_200850845-300x225.jpg 300w, https:\/\/blogdoedvaldomagalhaes.com.br\/wp-content\/uploads\/2020\/01\/IMG_20200116_200850845-768x576.jpg 768w, https:\/\/blogdoedvaldomagalhaes.com.br\/wp-content\/uploads\/2020\/01\/IMG_20200116_200850845-1536x1152.jpg 1536w, https:\/\/blogdoedvaldomagalhaes.com.br\/wp-content\/uploads\/2020\/01\/IMG_20200116_200850845-2048x1536.jpg 2048w, https:\/\/blogdoedvaldomagalhaes.com.br\/wp-content\/uploads\/2020\/01\/IMG_20200116_200850845-160x120.jpg 160w\" sizes=\"auto, (max-width: 1024px) 100vw, 1024px\" \/><figcaption>Casa atingida pelo carro dos suspeitos<\/figcaption><\/figure>\n","protected":false},"excerpt":{"rendered":"<p>Na noite desta quinta-feira (16), a Pol\u00edcia Militar realizou um bloqueio, nas proximidades do 4\u00b0 BPM, na BR-104, em Caruaru,&hellip;<\/p>\n","protected":false},"author":1,"featured_media":50736,"comment_status":"open","ping_status":"open","sticky":false,"template":"","format":"standard","meta":{"footnotes":""},"categories":[14121],"tags":[2,16881,17094],"class_list":["post-50735","post","type-post","status-publish","format-standard","has-post-thumbnail","hentry","category-policial","tag-blog-do-edvaldo-magalhaes","tag-caruaru-e-regiao","tag-perseguicao-e-troca-de-tiros-entre-policia-e-acusados-de-furar-bloqueio-em-caruaru"],"_links":{"self":[{"href":"https:\/\/blogdoedvaldomagalhaes.com.br\/index.php\/wp-json\/wp\/v2\/posts\/50735","targetHints":{"allow":["GET"]}}],"collection":[{"href":"https:\/\/blogdoedvaldomagalhaes.com.br\/index.php\/wp-json\/wp\/v2\/posts"}],"about":[{"href":"https:\/\/blogdoedvaldomagalhaes.com.br\/index.php\/wp-json\/wp\/v2\/types\/post"}],"author":[{"embeddable":true,"href":"https:\/\/blogdoedvaldomagalhaes.com.br\/index.php\/wp-json\/wp\/v2\/users\/1"}],"replies":[{"embeddable":true,"href":"https:\/\/blogdoedvaldomagalhaes.com.br\/index.php\/wp-json\/wp\/v2\/comments?post=50735"}],"version-history":[{"count":6,"href":"https:\/\/blogdoedvaldomagalhaes.com.br\/index.php\/wp-json\/wp\/v2\/posts\/50735\/revisions"}],"predecessor-version":[{"id":50746,"href":"https:\/\/blogdoedvaldomagalhaes.com.br\/index.php\/wp-json\/wp\/v2\/posts\/50735\/revisions\/50746"}],"wp:featuredmedia":[{"embeddable":true,"href":"https:\/\/blogdoedvaldomagalhaes.com.br\/index.php\/wp-json\/wp\/v2\/media\/50736"}],"wp:attachment":[{"href":"https:\/\/blogdoedvaldomagalhaes.com.br\/index.php\/wp-json\/wp\/v2\/media?parent=50735"}],"wp:term":[{"taxonomy":"category","embeddable":true,"href":"https:\/\/blogdoedvaldomagalhaes.com.br\/index.php\/wp-json\/wp\/v2\/categories?post=50735"},{"taxonomy":"post_tag","embeddable":true,"href":"https:\/\/blogdoedvaldomagalhaes.com.br\/index.php\/wp-json\/wp\/v2\/tags?post=50735"}],"curies":[{"name":"wp","href":"https:\/\/api.w.org\/{rel}","templated":true}]}}