{"id":50730,"date":"2020-01-16T18:59:09","date_gmt":"2020-01-16T21:59:09","guid":{"rendered":"http:\/\/blogdoedvaldomagalhaes.com.br\/?p=50730"},"modified":"2020-01-16T18:59:12","modified_gmt":"2020-01-16T21:59:12","slug":"secretaria-de-saude-de-caruaru-passa-a-atender-em-novo-numero","status":"publish","type":"post","link":"https:\/\/blogdoedvaldomagalhaes.com.br\/index.php\/2020\/01\/16\/secretaria-de-saude-de-caruaru-passa-a-atender-em-novo-numero\/","title":{"rendered":"Secretaria de Sa\u00fade de Caruaru passa a atender em novo n\u00famero"},"content":{"rendered":"<p style=\"text-align: justify;\"><span style=\"font-size: inherit;\">A Secretaria de Sa\u00fade de Caruaru est\u00e1 com um novo n\u00famero de atendimento para a popula\u00e7\u00e3o em geral.<\/span><\/p>\n<p style=\"text-align: justify;\">A partir de agora o n\u00famero oficial da secretaria \u00e9 o 3101.2400 e cada departamento possui um ramal direto.<\/p>\n<p style=\"text-align: justify;\">O n\u00famero 3701.1400 foi totalmente desativado.<\/p>\n","protected":false},"excerpt":{"rendered":"<p>A Secretaria de Sa\u00fade de Caruaru est\u00e1 com um novo n\u00famero de atendimento para a popula\u00e7\u00e3o em geral. A partir&hellip;<\/p>\n","protected":false},"author":1,"featured_media":50731,"comment_status":"open","ping_status":"open","sticky":false,"template":"","format":"standard","meta":{"footnotes":""},"categories":[14120],"tags":[2,16881,17091],"class_list":["post-50730","post","type-post","status-publish","format-standard","has-post-thumbnail","hentry","category-noticias","tag-blog-do-edvaldo-magalhaes","tag-caruaru-e-regiao","tag-secretaria-de-saude-de-caruaru-passa-a-atender-em-novo-numero"],"_links":{"self":[{"href":"https:\/\/blogdoedvaldomagalhaes.com.br\/index.php\/wp-json\/wp\/v2\/posts\/50730","targetHints":{"allow":["GET"]}}],"collection":[{"href":"https:\/\/blogdoedvaldomagalhaes.com.br\/index.php\/wp-json\/wp\/v2\/posts"}],"about":[{"href":"https:\/\/blogdoedvaldomagalhaes.com.br\/index.php\/wp-json\/wp\/v2\/types\/post"}],"author":[{"embeddable":true,"href":"https:\/\/blogdoedvaldomagalhaes.com.br\/index.php\/wp-json\/wp\/v2\/users\/1"}],"replies":[{"embeddable":true,"href":"https:\/\/blogdoedvaldomagalhaes.com.br\/index.php\/wp-json\/wp\/v2\/comments?post=50730"}],"version-history":[{"count":1,"href":"https:\/\/blogdoedvaldomagalhaes.com.br\/index.php\/wp-json\/wp\/v2\/posts\/50730\/revisions"}],"predecessor-version":[{"id":50732,"href":"https:\/\/blogdoedvaldomagalhaes.com.br\/index.php\/wp-json\/wp\/v2\/posts\/50730\/revisions\/50732"}],"wp:featuredmedia":[{"embeddable":true,"href":"https:\/\/blogdoedvaldomagalhaes.com.br\/index.php\/wp-json\/wp\/v2\/media\/50731"}],"wp:attachment":[{"href":"https:\/\/blogdoedvaldomagalhaes.com.br\/index.php\/wp-json\/wp\/v2\/media?parent=50730"}],"wp:term":[{"taxonomy":"category","embeddable":true,"href":"https:\/\/blogdoedvaldomagalhaes.com.br\/index.php\/wp-json\/wp\/v2\/categories?post=50730"},{"taxonomy":"post_tag","embeddable":true,"href":"https:\/\/blogdoedvaldomagalhaes.com.br\/index.php\/wp-json\/wp\/v2\/tags?post=50730"}],"curies":[{"name":"wp","href":"https:\/\/api.w.org\/{rel}","templated":true}]}}