{"id":50727,"date":"2020-01-16T18:46:17","date_gmt":"2020-01-16T21:46:17","guid":{"rendered":"http:\/\/blogdoedvaldomagalhaes.com.br\/?p=50727"},"modified":"2020-01-16T19:23:30","modified_gmt":"2020-01-16T22:23:30","slug":"inscricoes-abertas-para-cursos-de-capacitacao-profissional-e-oficinas-de-formacao-na-associacao-dos-moradores-do-severino-afonso","status":"publish","type":"post","link":"https:\/\/blogdoedvaldomagalhaes.com.br\/index.php\/2020\/01\/16\/inscricoes-abertas-para-cursos-de-capacitacao-profissional-e-oficinas-de-formacao-na-associacao-dos-moradores-do-severino-afonso\/","title":{"rendered":"Inscri\u00e7\u00f5es abertas para Cursos de capacita\u00e7\u00e3o profissional e Oficinas de forma\u00e7\u00e3o na Associa\u00e7\u00e3o dos Moradores do Severino Afonso"},"content":{"rendered":"<p style=\"text-align: justify;\">Est\u00e3o sendo ofertados gratuitamente nove (5) cursos profissionalizantes e quatro (4) oficinas de forma\u00e7\u00e3o a serem iniciadas em 10 Fevereiro de 2020, s\u00e3o distribu\u00eddas 270 vagas, 30 vagas por cursos e oficinas, mais 90 vagas reservas.<\/p>\n<p style=\"text-align: justify;\">Link para inscri\u00e7\u00e3o\ud83d\udc47\ud83c\udffb<br \/>\nhttps:\/\/docs.google.com\/forms\/d\/e\/1FAIpQLSdeDnQ2nAuS9mZI2UsAhksdzjFRdLB3H4irZDlsgz4IsSHAIQ\/viewform<\/p>\n<p style=\"text-align: justify;\">Os cursos de capacita\u00e7\u00e3o profissional tem carga hor\u00e1ria total de 72hs, somam 24 encontros, 1 encontro semanal em um per\u00edodo total de 6 meses, j\u00e1 as oficinas de forma\u00e7\u00e3o variam entre 16hs, 24hs e 48hs aula em per\u00edodos de dois, tr\u00eas e quatro meses.<\/p>\n<p style=\"text-align: justify;\">As inscri\u00e7\u00f5es seguem abertas at\u00e9 08 de Fevereiro pela internet e devem ser confirmadas presencialmente na sede da institui\u00e7\u00e3o localizada na Avenida Lourinaldo Viturino de Moura (ao lado da Padaria do Pez\u00e3o) &#8211; Bairro Severino Afonso, CARUARU &#8211; PE.<\/p>\n<p style=\"text-align: justify;\">D\u00daVIDAS &#8211; associaoseverinoafonso@gmail.com<br \/>\n(81) 993110546 &#8211; WhatsApp<br \/>\nAssocia\u00e7\u00e3o dos Moradores do Severino Afonso<\/p>\n<p style=\"text-align: justify;\">INSCRI\u00c7\u00d5ES LIMITADAS!<br \/>\nLink dispon\u00edvel aqui.<br \/>\nhttps:\/\/docs.google.com\/forms\/d\/e\/1FAIpQLSdeDnQ2nAuS9mZI2UsAhksdzjFRdLB3H4irZDlsgz4IsSHAIQ\/viewform<\/p>\n","protected":false},"excerpt":{"rendered":"<p>Est\u00e3o sendo ofertados gratuitamente nove (5) cursos profissionalizantes e quatro (4) oficinas de forma\u00e7\u00e3o a serem iniciadas em 10 Fevereiro&hellip;<\/p>\n","protected":false},"author":1,"featured_media":50728,"comment_status":"open","ping_status":"open","sticky":false,"template":"","format":"standard","meta":{"footnotes":""},"categories":[14120],"tags":[2,16881,17090],"class_list":["post-50727","post","type-post","status-publish","format-standard","has-post-thumbnail","hentry","category-noticias","tag-blog-do-edvaldo-magalhaes","tag-caruaru-e-regiao","tag-inscricoes-abertas-para-cursos-de-capacitacao-profissional-e-oficinas-de-formacao-na-associacao-dos-moradores-do-severino-afonso"],"_links":{"self":[{"href":"https:\/\/blogdoedvaldomagalhaes.com.br\/index.php\/wp-json\/wp\/v2\/posts\/50727","targetHints":{"allow":["GET"]}}],"collection":[{"href":"https:\/\/blogdoedvaldomagalhaes.com.br\/index.php\/wp-json\/wp\/v2\/posts"}],"about":[{"href":"https:\/\/blogdoedvaldomagalhaes.com.br\/index.php\/wp-json\/wp\/v2\/types\/post"}],"author":[{"embeddable":true,"href":"https:\/\/blogdoedvaldomagalhaes.com.br\/index.php\/wp-json\/wp\/v2\/users\/1"}],"replies":[{"embeddable":true,"href":"https:\/\/blogdoedvaldomagalhaes.com.br\/index.php\/wp-json\/wp\/v2\/comments?post=50727"}],"version-history":[{"count":3,"href":"https:\/\/blogdoedvaldomagalhaes.com.br\/index.php\/wp-json\/wp\/v2\/posts\/50727\/revisions"}],"predecessor-version":[{"id":50734,"href":"https:\/\/blogdoedvaldomagalhaes.com.br\/index.php\/wp-json\/wp\/v2\/posts\/50727\/revisions\/50734"}],"wp:featuredmedia":[{"embeddable":true,"href":"https:\/\/blogdoedvaldomagalhaes.com.br\/index.php\/wp-json\/wp\/v2\/media\/50728"}],"wp:attachment":[{"href":"https:\/\/blogdoedvaldomagalhaes.com.br\/index.php\/wp-json\/wp\/v2\/media?parent=50727"}],"wp:term":[{"taxonomy":"category","embeddable":true,"href":"https:\/\/blogdoedvaldomagalhaes.com.br\/index.php\/wp-json\/wp\/v2\/categories?post=50727"},{"taxonomy":"post_tag","embeddable":true,"href":"https:\/\/blogdoedvaldomagalhaes.com.br\/index.php\/wp-json\/wp\/v2\/tags?post=50727"}],"curies":[{"name":"wp","href":"https:\/\/api.w.org\/{rel}","templated":true}]}}