{"id":50719,"date":"2020-01-16T17:50:29","date_gmt":"2020-01-16T20:50:29","guid":{"rendered":"http:\/\/blogdoedvaldomagalhaes.com.br\/?p=50719"},"modified":"2020-01-16T17:50:34","modified_gmt":"2020-01-16T20:50:34","slug":"confira-atracoes-da-festa-de-sao-sebastiao-na-vila-de-couro-dantas-neste-sabado-18","status":"publish","type":"post","link":"https:\/\/blogdoedvaldomagalhaes.com.br\/index.php\/2020\/01\/16\/confira-atracoes-da-festa-de-sao-sebastiao-na-vila-de-couro-dantas-neste-sabado-18\/","title":{"rendered":"Confira atra\u00e7\u00f5es da Festa de S\u00e3o Sebasti\u00e3o na Vila de Couro D\u2019Antas neste s\u00e1bado (18)"},"content":{"rendered":"<p style=\"text-align: justify;\"><span style=\"font-size: inherit;\">A Prefeitura de Riacho das Almas confirmou as atra\u00e7\u00f5es que devem se apresentar neste s\u00e1bado (18) na Festa de S\u00e3o Sebasti\u00e3o na Vila de Couro D\u2019Antas.<\/span><\/p>\n<p style=\"text-align: justify;\">Al\u00e9m da programa\u00e7\u00e3o religiosa j\u00e1 tradicional na comunidade, deve subir ao palco \u00e0s 21h30 a banda Forr\u00f3 dos Bossas.<\/p>\n<p style=\"text-align: justify;\">A festa ser\u00e1 realizada em pra\u00e7a p\u00fablica, com toda a estrutura e seguran\u00e7a que s\u00e3o marca dos eventos realizados pela gest\u00e3o do munic\u00edpio.<\/p>\n","protected":false},"excerpt":{"rendered":"<p>A Prefeitura de Riacho das Almas confirmou as atra\u00e7\u00f5es que devem se apresentar neste s\u00e1bado (18) na Festa de S\u00e3o&hellip;<\/p>\n","protected":false},"author":1,"featured_media":50720,"comment_status":"open","ping_status":"open","sticky":false,"template":"","format":"standard","meta":{"footnotes":""},"categories":[14120],"tags":[2,16881,17088],"class_list":["post-50719","post","type-post","status-publish","format-standard","has-post-thumbnail","hentry","category-noticias","tag-blog-do-edvaldo-magalhaes","tag-caruaru-e-regiao","tag-confira-atracoes-da-festa-de-sao-sebastiao-na-vila-de-couro-dantas-neste-sabado-18"],"_links":{"self":[{"href":"https:\/\/blogdoedvaldomagalhaes.com.br\/index.php\/wp-json\/wp\/v2\/posts\/50719","targetHints":{"allow":["GET"]}}],"collection":[{"href":"https:\/\/blogdoedvaldomagalhaes.com.br\/index.php\/wp-json\/wp\/v2\/posts"}],"about":[{"href":"https:\/\/blogdoedvaldomagalhaes.com.br\/index.php\/wp-json\/wp\/v2\/types\/post"}],"author":[{"embeddable":true,"href":"https:\/\/blogdoedvaldomagalhaes.com.br\/index.php\/wp-json\/wp\/v2\/users\/1"}],"replies":[{"embeddable":true,"href":"https:\/\/blogdoedvaldomagalhaes.com.br\/index.php\/wp-json\/wp\/v2\/comments?post=50719"}],"version-history":[{"count":1,"href":"https:\/\/blogdoedvaldomagalhaes.com.br\/index.php\/wp-json\/wp\/v2\/posts\/50719\/revisions"}],"predecessor-version":[{"id":50721,"href":"https:\/\/blogdoedvaldomagalhaes.com.br\/index.php\/wp-json\/wp\/v2\/posts\/50719\/revisions\/50721"}],"wp:featuredmedia":[{"embeddable":true,"href":"https:\/\/blogdoedvaldomagalhaes.com.br\/index.php\/wp-json\/wp\/v2\/media\/50720"}],"wp:attachment":[{"href":"https:\/\/blogdoedvaldomagalhaes.com.br\/index.php\/wp-json\/wp\/v2\/media?parent=50719"}],"wp:term":[{"taxonomy":"category","embeddable":true,"href":"https:\/\/blogdoedvaldomagalhaes.com.br\/index.php\/wp-json\/wp\/v2\/categories?post=50719"},{"taxonomy":"post_tag","embeddable":true,"href":"https:\/\/blogdoedvaldomagalhaes.com.br\/index.php\/wp-json\/wp\/v2\/tags?post=50719"}],"curies":[{"name":"wp","href":"https:\/\/api.w.org\/{rel}","templated":true}]}}