{"id":50690,"date":"2020-01-16T14:44:00","date_gmt":"2020-01-16T17:44:00","guid":{"rendered":"http:\/\/blogdoedvaldomagalhaes.com.br\/?p=50690"},"modified":"2020-01-16T15:13:22","modified_gmt":"2020-01-16T18:13:22","slug":"psl-caruaru-realiza-encontro-com-candidatos-para-o-inicio-da-pre-campanha","status":"publish","type":"post","link":"https:\/\/blogdoedvaldomagalhaes.com.br\/index.php\/2020\/01\/16\/psl-caruaru-realiza-encontro-com-candidatos-para-o-inicio-da-pre-campanha\/","title":{"rendered":"PSL Caruaru realiza encontro com candidatos para o in\u00edcio da pr\u00e9-campanha"},"content":{"rendered":"<p style=\"text-align: justify;\">A dire\u00e7\u00e3o executiva do PSL Caruaru liderada pelo presidente Manoel Santos, realizou nessa quarta-feira(15) sua primeira reuni\u00e3o de 2020, com objetivo de apresentar o planejamento para primeira etapa da pr\u00e9 campanha que ir\u00e1 at\u00e9 o m\u00eas de abril.<\/p>\n<p style=\"text-align: justify;\">Na agenda apresentada, come\u00e7a j\u00e1 na pr\u00f3xima semana o programa de qualifica\u00e7\u00e3o e treinamento para os pr\u00e9-candidatos.<span style=\"font-size: inherit;\">&nbsp;Promovendo esse encontro de capacita\u00e7\u00e3o para os candidatos, o PSL da largada e sai na frente das demais legendas que far\u00e3o parte da elei\u00e7\u00e3o em outubro, na cidade.<\/span><\/p>\n\n\n<figure class=\"wp-block-image size-large\"><img loading=\"lazy\" decoding=\"async\" width=\"1024\" height=\"576\" src=\"http:\/\/blogdoedvaldomagalhaes.com.br\/wp-content\/uploads\/2020\/01\/FB_IMG_1579196633171-1024x576.jpg\" alt=\"\" class=\"wp-image-50694\" srcset=\"https:\/\/blogdoedvaldomagalhaes.com.br\/wp-content\/uploads\/2020\/01\/FB_IMG_1579196633171-1024x576.jpg 1024w, https:\/\/blogdoedvaldomagalhaes.com.br\/wp-content\/uploads\/2020\/01\/FB_IMG_1579196633171-300x169.jpg 300w, https:\/\/blogdoedvaldomagalhaes.com.br\/wp-content\/uploads\/2020\/01\/FB_IMG_1579196633171-768x432.jpg 768w, https:\/\/blogdoedvaldomagalhaes.com.br\/wp-content\/uploads\/2020\/01\/FB_IMG_1579196633171-720x405.jpg 720w, https:\/\/blogdoedvaldomagalhaes.com.br\/wp-content\/uploads\/2020\/01\/FB_IMG_1579196633171.jpg 1080w\" sizes=\"auto, (max-width: 1024px) 100vw, 1024px\" \/><\/figure>\n\n\n\n<figure class=\"wp-block-image size-large\"><img loading=\"lazy\" decoding=\"async\" width=\"1024\" height=\"576\" src=\"http:\/\/blogdoedvaldomagalhaes.com.br\/wp-content\/uploads\/2020\/01\/FB_IMG_1579196636945-1024x576.jpg\" alt=\"\" class=\"wp-image-50696\" srcset=\"https:\/\/blogdoedvaldomagalhaes.com.br\/wp-content\/uploads\/2020\/01\/FB_IMG_1579196636945-1024x576.jpg 1024w, https:\/\/blogdoedvaldomagalhaes.com.br\/wp-content\/uploads\/2020\/01\/FB_IMG_1579196636945-300x169.jpg 300w, https:\/\/blogdoedvaldomagalhaes.com.br\/wp-content\/uploads\/2020\/01\/FB_IMG_1579196636945-768x432.jpg 768w, https:\/\/blogdoedvaldomagalhaes.com.br\/wp-content\/uploads\/2020\/01\/FB_IMG_1579196636945-720x405.jpg 720w, https:\/\/blogdoedvaldomagalhaes.com.br\/wp-content\/uploads\/2020\/01\/FB_IMG_1579196636945.jpg 1080w\" sizes=\"auto, (max-width: 1024px) 100vw, 1024px\" \/><\/figure>\n\n\n\n<figure class=\"wp-block-image size-large\"><img loading=\"lazy\" decoding=\"async\" width=\"1024\" height=\"576\" src=\"http:\/\/blogdoedvaldomagalhaes.com.br\/wp-content\/uploads\/2020\/01\/FB_IMG_1579196646801-1024x576.jpg\" alt=\"\" class=\"wp-image-50697\" srcset=\"https:\/\/blogdoedvaldomagalhaes.com.br\/wp-content\/uploads\/2020\/01\/FB_IMG_1579196646801-1024x576.jpg 1024w, https:\/\/blogdoedvaldomagalhaes.com.br\/wp-content\/uploads\/2020\/01\/FB_IMG_1579196646801-300x169.jpg 300w, https:\/\/blogdoedvaldomagalhaes.com.br\/wp-content\/uploads\/2020\/01\/FB_IMG_1579196646801-768x432.jpg 768w, https:\/\/blogdoedvaldomagalhaes.com.br\/wp-content\/uploads\/2020\/01\/FB_IMG_1579196646801-720x405.jpg 720w, https:\/\/blogdoedvaldomagalhaes.com.br\/wp-content\/uploads\/2020\/01\/FB_IMG_1579196646801.jpg 1080w\" sizes=\"auto, (max-width: 1024px) 100vw, 1024px\" \/><\/figure>\n\n\n\n<figure class=\"wp-block-image size-large\"><img loading=\"lazy\" decoding=\"async\" width=\"1024\" height=\"576\" src=\"http:\/\/blogdoedvaldomagalhaes.com.br\/wp-content\/uploads\/2020\/01\/FB_IMG_1579196654224-1024x576.jpg\" alt=\"\" class=\"wp-image-50698\" srcset=\"https:\/\/blogdoedvaldomagalhaes.com.br\/wp-content\/uploads\/2020\/01\/FB_IMG_1579196654224-1024x576.jpg 1024w, https:\/\/blogdoedvaldomagalhaes.com.br\/wp-content\/uploads\/2020\/01\/FB_IMG_1579196654224-300x169.jpg 300w, https:\/\/blogdoedvaldomagalhaes.com.br\/wp-content\/uploads\/2020\/01\/FB_IMG_1579196654224-768x432.jpg 768w, https:\/\/blogdoedvaldomagalhaes.com.br\/wp-content\/uploads\/2020\/01\/FB_IMG_1579196654224-720x405.jpg 720w, https:\/\/blogdoedvaldomagalhaes.com.br\/wp-content\/uploads\/2020\/01\/FB_IMG_1579196654224.jpg 1080w\" sizes=\"auto, (max-width: 1024px) 100vw, 1024px\" \/><\/figure>\n","protected":false},"excerpt":{"rendered":"<p>A dire\u00e7\u00e3o executiva do PSL Caruaru liderada pelo presidente Manoel Santos, realizou nessa quarta-feira(15) sua primeira reuni\u00e3o de 2020, com&hellip;<\/p>\n","protected":false},"author":1,"featured_media":50691,"comment_status":"open","ping_status":"open","sticky":false,"template":"","format":"standard","meta":{"footnotes":""},"categories":[14122],"tags":[2,16881,17086],"class_list":["post-50690","post","type-post","status-publish","format-standard","has-post-thumbnail","hentry","category-politica","tag-blog-do-edvaldo-magalhaes","tag-caruaru-e-regiao","tag-psl-caruaru-realiza-encontro-com-candidatos-para-o-inicio-da-pre-campanha"],"_links":{"self":[{"href":"https:\/\/blogdoedvaldomagalhaes.com.br\/index.php\/wp-json\/wp\/v2\/posts\/50690","targetHints":{"allow":["GET"]}}],"collection":[{"href":"https:\/\/blogdoedvaldomagalhaes.com.br\/index.php\/wp-json\/wp\/v2\/posts"}],"about":[{"href":"https:\/\/blogdoedvaldomagalhaes.com.br\/index.php\/wp-json\/wp\/v2\/types\/post"}],"author":[{"embeddable":true,"href":"https:\/\/blogdoedvaldomagalhaes.com.br\/index.php\/wp-json\/wp\/v2\/users\/1"}],"replies":[{"embeddable":true,"href":"https:\/\/blogdoedvaldomagalhaes.com.br\/index.php\/wp-json\/wp\/v2\/comments?post=50690"}],"version-history":[{"count":4,"href":"https:\/\/blogdoedvaldomagalhaes.com.br\/index.php\/wp-json\/wp\/v2\/posts\/50690\/revisions"}],"predecessor-version":[{"id":50699,"href":"https:\/\/blogdoedvaldomagalhaes.com.br\/index.php\/wp-json\/wp\/v2\/posts\/50690\/revisions\/50699"}],"wp:featuredmedia":[{"embeddable":true,"href":"https:\/\/blogdoedvaldomagalhaes.com.br\/index.php\/wp-json\/wp\/v2\/media\/50691"}],"wp:attachment":[{"href":"https:\/\/blogdoedvaldomagalhaes.com.br\/index.php\/wp-json\/wp\/v2\/media?parent=50690"}],"wp:term":[{"taxonomy":"category","embeddable":true,"href":"https:\/\/blogdoedvaldomagalhaes.com.br\/index.php\/wp-json\/wp\/v2\/categories?post=50690"},{"taxonomy":"post_tag","embeddable":true,"href":"https:\/\/blogdoedvaldomagalhaes.com.br\/index.php\/wp-json\/wp\/v2\/tags?post=50690"}],"curies":[{"name":"wp","href":"https:\/\/api.w.org\/{rel}","templated":true}]}}