{"id":50681,"date":"2020-01-16T10:32:06","date_gmt":"2020-01-16T13:32:06","guid":{"rendered":"http:\/\/blogdoedvaldomagalhaes.com.br\/?p=50681"},"modified":"2020-01-16T10:32:11","modified_gmt":"2020-01-16T13:32:11","slug":"oficina-gratuita-de-ritmos-carnavalescos-no-monte-bom-jesus-nesta-quinta-16","status":"publish","type":"post","link":"https:\/\/blogdoedvaldomagalhaes.com.br\/index.php\/2020\/01\/16\/oficina-gratuita-de-ritmos-carnavalescos-no-monte-bom-jesus-nesta-quinta-16\/","title":{"rendered":"Oficina gratuita de ritmos carnavalescos no Monte Bom Jesus nesta quinta (16)"},"content":{"rendered":"<p style=\"text-align: justify;\"><span style=\"font-size: inherit;\">O per\u00edodo carnavalesco est\u00e1 chegando e sempre bate aquela vontade de acompanhar os blocos e tro\u00e7as que saem pelas ruas. Com o fortalecimento da semana pr\u00e9-carnavalesca de Caruaru, a prefeitura oferece tamb\u00e9m uma oportunidade para os foli\u00f5es que querem estar bem preparados para as dan\u00e7as da \u00e9poca. Pensando nisso, nesta quinta-feira (16), ser\u00e1 realizada uma oficina gratuita de ritmos carnavalescos no Monte Bom Jesus, a partir das 18h30.<\/span><\/p>\n<p style=\"text-align: justify;\">A aula \u00e9 promovida atrav\u00e9s do Servi\u00e7o de Conviv\u00eancia e Fortalecimento de V\u00ednculos (SCFV) da Secretaria de Desenvolvimento e Direitos Humanos (SDSH). Ser\u00e3o explorados os ritmos de frevo, maracatu e coco de roda. O folclorista e dan\u00e7arino Milvio Leite ser\u00e1 respons\u00e1vel por ministrar a oficina.<\/p>\n","protected":false},"excerpt":{"rendered":"<p>O per\u00edodo carnavalesco est\u00e1 chegando e sempre bate aquela vontade de acompanhar os blocos e tro\u00e7as que saem pelas ruas.&hellip;<\/p>\n","protected":false},"author":1,"featured_media":50682,"comment_status":"open","ping_status":"open","sticky":false,"template":"","format":"standard","meta":{"footnotes":""},"categories":[14120],"tags":[2,16881,17083],"class_list":["post-50681","post","type-post","status-publish","format-standard","has-post-thumbnail","hentry","category-noticias","tag-blog-do-edvaldo-magalhaes","tag-caruaru-e-regiao","tag-oficina-gratuita-de-ritmos-carnavalescos-no-monte-bom-jesus-nesta-quinta-16"],"_links":{"self":[{"href":"https:\/\/blogdoedvaldomagalhaes.com.br\/index.php\/wp-json\/wp\/v2\/posts\/50681","targetHints":{"allow":["GET"]}}],"collection":[{"href":"https:\/\/blogdoedvaldomagalhaes.com.br\/index.php\/wp-json\/wp\/v2\/posts"}],"about":[{"href":"https:\/\/blogdoedvaldomagalhaes.com.br\/index.php\/wp-json\/wp\/v2\/types\/post"}],"author":[{"embeddable":true,"href":"https:\/\/blogdoedvaldomagalhaes.com.br\/index.php\/wp-json\/wp\/v2\/users\/1"}],"replies":[{"embeddable":true,"href":"https:\/\/blogdoedvaldomagalhaes.com.br\/index.php\/wp-json\/wp\/v2\/comments?post=50681"}],"version-history":[{"count":1,"href":"https:\/\/blogdoedvaldomagalhaes.com.br\/index.php\/wp-json\/wp\/v2\/posts\/50681\/revisions"}],"predecessor-version":[{"id":50683,"href":"https:\/\/blogdoedvaldomagalhaes.com.br\/index.php\/wp-json\/wp\/v2\/posts\/50681\/revisions\/50683"}],"wp:featuredmedia":[{"embeddable":true,"href":"https:\/\/blogdoedvaldomagalhaes.com.br\/index.php\/wp-json\/wp\/v2\/media\/50682"}],"wp:attachment":[{"href":"https:\/\/blogdoedvaldomagalhaes.com.br\/index.php\/wp-json\/wp\/v2\/media?parent=50681"}],"wp:term":[{"taxonomy":"category","embeddable":true,"href":"https:\/\/blogdoedvaldomagalhaes.com.br\/index.php\/wp-json\/wp\/v2\/categories?post=50681"},{"taxonomy":"post_tag","embeddable":true,"href":"https:\/\/blogdoedvaldomagalhaes.com.br\/index.php\/wp-json\/wp\/v2\/tags?post=50681"}],"curies":[{"name":"wp","href":"https:\/\/api.w.org\/{rel}","templated":true}]}}