{"id":5068,"date":"2017-08-14T15:50:00","date_gmt":"2017-08-14T18:50:00","guid":{"rendered":"http:\/\/blogdoedvaldomagalhaes.com.br\/index.php\/2017\/08\/14\/ex-presidiario-assassinado-nas\/"},"modified":"2019-02-09T01:39:52","modified_gmt":"2019-02-09T03:39:52","slug":"ex-presidiario-assassinado-nas","status":"publish","type":"post","link":"https:\/\/blogdoedvaldomagalhaes.com.br\/index.php\/2017\/08\/14\/ex-presidiario-assassinado-nas\/","title":{"rendered":"Ex-presidi\u00e1rio assassinado nas proximidades da Funase Caruaru nesta segunda (14)"},"content":{"rendered":"<div class=\"separator\" style=\"clear: both; text-align: center;\">\n<a href=\"https:\/\/1.bp.blogspot.com\/-dk3sEHv3lyU\/WZHGnUlbH_I\/AAAAAAAAbuk\/c2Oxqd48UG4a6MhZxidFpSzKtl0WIAWpgCLcBGAs\/s1600\/crime%2B1.jpg\" imageanchor=\"1\" style=\"margin-left: 1em; margin-right: 1em;\"><img loading=\"lazy\" decoding=\"async\" border=\"0\" data-original-height=\"540\" data-original-width=\"960\" height=\"225\" src=\"http:\/\/blogdoedvaldomagalhaes.com.br\/wp-content\/uploads\/2017\/08\/crime1.jpg\" width=\"400\" \/><\/a><\/div>\n<p><\/p>\n<div class=\"separator\" style=\"clear: both; text-align: center;\">\n<a href=\"https:\/\/1.bp.blogspot.com\/-lDKxqS1tzLo\/WZHGopVfcyI\/AAAAAAAAbuo\/oxxVY9mSWAcSh3uetD7YwpB62deOmpMbgCLcBGAs\/s1600\/crime.jpg\" imageanchor=\"1\" style=\"margin-left: 1em; margin-right: 1em;\"><img loading=\"lazy\" decoding=\"async\" border=\"0\" data-original-height=\"960\" data-original-width=\"540\" height=\"400\" src=\"http:\/\/blogdoedvaldomagalhaes.com.br\/wp-content\/uploads\/2017\/08\/crime.jpg\" width=\"225\" \/><\/a><\/div>\n<div class=\"separator\" style=\"clear: both; text-align: center;\">\n<\/div>\n<div class=\"separator\" style=\"clear: both; text-align: center;\">\n<a href=\"https:\/\/4.bp.blogspot.com\/-YmxmoIcwpD8\/WZHqO-MGVgI\/AAAAAAAAbvg\/KBTdyQp_vDQYDqinQjUWO4zWd6s9OqcWACLcBGAs\/s1600\/IMG-20170814-WA0215.jpg\" imageanchor=\"1\" style=\"margin-left: 1em; margin-right: 1em;\"><img loading=\"lazy\" decoding=\"async\" border=\"0\" data-original-height=\"1280\" data-original-width=\"960\" height=\"400\" src=\"http:\/\/blogdoedvaldomagalhaes.com.br\/wp-content\/uploads\/2017\/08\/IMG-20170814-WA0215.jpg\" width=\"300\" \/><\/a><\/div>\n<p><\/p>\n<div class=\"separator\" style=\"clear: both; text-align: center;\">\n<a href=\"https:\/\/1.bp.blogspot.com\/-kYdmj_wev74\/WZHqTqdo7XI\/AAAAAAAAbvk\/ZBe6HVqlJoIonkamYx2M3n0_xVgE5twFgCLcBGAs\/s1600\/IMG-20170814-WA0255.jpg\" imageanchor=\"1\" style=\"margin-left: 1em; margin-right: 1em;\"><img loading=\"lazy\" decoding=\"async\" border=\"0\" data-original-height=\"1280\" data-original-width=\"768\" height=\"400\" src=\"http:\/\/blogdoedvaldomagalhaes.com.br\/wp-content\/uploads\/2017\/08\/IMG-20170814-WA0255.jpg\" width=\"240\" \/><\/a><\/div>\n<div class=\"separator\" style=\"clear: both; text-align: center;\">\n<\/div>\n<div class=\"separator\" style=\"clear: both; text-align: justify;\">\nO ex-presidi\u00e1rio Jurandir dos Santos Costa, 26 anos, foi assassinado no in\u00edcio da tarde desta segunda-feira (14), na avenida Recife, no Loteamento Dem\u00f3stenes Veras, nas proximidades da Funase Caruaru. Segundo informa\u00e7\u00f5es dos familiares, Jurandir saiu do sistema penitenci\u00e1rio h\u00e1 25 dias, onde cumpriu pena por tr\u00e1fico de drogas durante 4 anos, e por volta do meio dia de hoje (14), um homem de estatura baixa, aproveitou que o port\u00e3o da resid\u00eancia da v\u00edtima estava aberto, e efetuou 6 disparos de arma de fogo, fugindo em seguida.<\/div>\n<div class=\"separator\" style=\"clear: both; text-align: justify;\">\n<\/div>\n<div class=\"separator\" style=\"clear: both; text-align: justify;\">\nEste foi o 7\u00ba homic\u00eddio no m\u00eas de agosto e 183\u00ba no ano em Caruaru.<\/div>\n<p><\/p>\n","protected":false},"excerpt":{"rendered":"<p>O ex-presidi\u00e1rio Jurandir dos Santos Costa, 26 anos, foi assassinado no in\u00edcio da tarde desta segunda-feira (14), na avenida Recife,&hellip;<\/p>\n","protected":false},"author":1,"featured_media":0,"comment_status":"open","ping_status":"open","sticky":false,"template":"","format":"standard","meta":{"footnotes":""},"categories":[1],"tags":[2,6563,3186,13],"class_list":["post-5068","post","type-post","status-publish","format-standard","hentry","category-sem-categoria","tag-blog-do-edvaldo-magalhaes","tag-ex-presidiario-assassinado-nas-proximidades-da-funase-caruaru-nesta-segunda-14","tag-noticias-policiais-de-caruaru","tag-policial"],"_links":{"self":[{"href":"https:\/\/blogdoedvaldomagalhaes.com.br\/index.php\/wp-json\/wp\/v2\/posts\/5068","targetHints":{"allow":["GET"]}}],"collection":[{"href":"https:\/\/blogdoedvaldomagalhaes.com.br\/index.php\/wp-json\/wp\/v2\/posts"}],"about":[{"href":"https:\/\/blogdoedvaldomagalhaes.com.br\/index.php\/wp-json\/wp\/v2\/types\/post"}],"author":[{"embeddable":true,"href":"https:\/\/blogdoedvaldomagalhaes.com.br\/index.php\/wp-json\/wp\/v2\/users\/1"}],"replies":[{"embeddable":true,"href":"https:\/\/blogdoedvaldomagalhaes.com.br\/index.php\/wp-json\/wp\/v2\/comments?post=5068"}],"version-history":[{"count":1,"href":"https:\/\/blogdoedvaldomagalhaes.com.br\/index.php\/wp-json\/wp\/v2\/posts\/5068\/revisions"}],"predecessor-version":[{"id":23177,"href":"https:\/\/blogdoedvaldomagalhaes.com.br\/index.php\/wp-json\/wp\/v2\/posts\/5068\/revisions\/23177"}],"wp:attachment":[{"href":"https:\/\/blogdoedvaldomagalhaes.com.br\/index.php\/wp-json\/wp\/v2\/media?parent=5068"}],"wp:term":[{"taxonomy":"category","embeddable":true,"href":"https:\/\/blogdoedvaldomagalhaes.com.br\/index.php\/wp-json\/wp\/v2\/categories?post=5068"},{"taxonomy":"post_tag","embeddable":true,"href":"https:\/\/blogdoedvaldomagalhaes.com.br\/index.php\/wp-json\/wp\/v2\/tags?post=5068"}],"curies":[{"name":"wp","href":"https:\/\/api.w.org\/{rel}","templated":true}]}}