{"id":50664,"date":"2020-01-15T18:24:47","date_gmt":"2020-01-15T21:24:47","guid":{"rendered":"http:\/\/blogdoedvaldomagalhaes.com.br\/?p=50664"},"modified":"2020-01-15T21:11:43","modified_gmt":"2020-01-16T00:11:43","slug":"colisao-entre-bicicleta-e-moto-com-vitima-fatal-em-caruaru","status":"publish","type":"post","link":"https:\/\/blogdoedvaldomagalhaes.com.br\/index.php\/2020\/01\/15\/colisao-entre-bicicleta-e-moto-com-vitima-fatal-em-caruaru\/","title":{"rendered":"Colis\u00e3o entre bicicleta e moto com v\u00edtima fatal em Caruaru"},"content":{"rendered":"<p style=\"text-align: justify;\">A colis\u00e3o ocorreu na avenida Adjar da Silva Cas\u00e9, no bairro Indian\u00f3polis,\u00a0 em Caruaru, na tarde desta quarta-feira (15).\u00a0 Jos\u00e9 Marcos Pereira da Silva, de 42 anos de idade, zelador em um condom\u00ednio, estava na bicicleta e morreu\u00a0 no local, o outro que estava em uma motocicleta Cinquentinha, ficou gravemente ferido e foi levado para o Hospital Regional do Agreste (HRA).<\/p>\n<p style=\"text-align: justify;\">Equipes<span style=\"font-size: inherit;\">\u00a0do Corpo de Bombeiros e da Destra estiveram no local.<\/span><\/p>\n\n\n<figure class=\"wp-block-image size-large\"><img loading=\"lazy\" decoding=\"async\" width=\"575\" height=\"1024\" src=\"http:\/\/blogdoedvaldomagalhaes.com.br\/wp-content\/uploads\/2020\/01\/IMG-20200115-WA0106-575x1024.jpg\" alt=\"\" class=\"wp-image-50666\" srcset=\"https:\/\/blogdoedvaldomagalhaes.com.br\/wp-content\/uploads\/2020\/01\/IMG-20200115-WA0106-575x1024.jpg 575w, https:\/\/blogdoedvaldomagalhaes.com.br\/wp-content\/uploads\/2020\/01\/IMG-20200115-WA0106-169x300.jpg 169w, https:\/\/blogdoedvaldomagalhaes.com.br\/wp-content\/uploads\/2020\/01\/IMG-20200115-WA0106.jpg 719w\" sizes=\"auto, (max-width: 575px) 100vw, 575px\" \/><figcaption>Fotos: Reprodu\u00e7\u00e3o\/WhatsApp<\/figcaption><\/figure>\n","protected":false},"excerpt":{"rendered":"<p>A colis\u00e3o ocorreu na avenida Adjar da Silva Cas\u00e9, no bairro Indian\u00f3polis,\u00a0 em Caruaru, na tarde desta quarta-feira (15).\u00a0 Jos\u00e9&hellip;<\/p>\n","protected":false},"author":1,"featured_media":50667,"comment_status":"open","ping_status":"open","sticky":false,"template":"","format":"standard","meta":{"footnotes":""},"categories":[14120],"tags":[16881,17081],"class_list":["post-50664","post","type-post","status-publish","format-standard","has-post-thumbnail","hentry","category-noticias","tag-caruaru-e-regiao","tag-colisao-entre-bicicleta-e-moto-com-vitima-fatal-em-caruaru"],"_links":{"self":[{"href":"https:\/\/blogdoedvaldomagalhaes.com.br\/index.php\/wp-json\/wp\/v2\/posts\/50664","targetHints":{"allow":["GET"]}}],"collection":[{"href":"https:\/\/blogdoedvaldomagalhaes.com.br\/index.php\/wp-json\/wp\/v2\/posts"}],"about":[{"href":"https:\/\/blogdoedvaldomagalhaes.com.br\/index.php\/wp-json\/wp\/v2\/types\/post"}],"author":[{"embeddable":true,"href":"https:\/\/blogdoedvaldomagalhaes.com.br\/index.php\/wp-json\/wp\/v2\/users\/1"}],"replies":[{"embeddable":true,"href":"https:\/\/blogdoedvaldomagalhaes.com.br\/index.php\/wp-json\/wp\/v2\/comments?post=50664"}],"version-history":[{"count":5,"href":"https:\/\/blogdoedvaldomagalhaes.com.br\/index.php\/wp-json\/wp\/v2\/posts\/50664\/revisions"}],"predecessor-version":[{"id":50680,"href":"https:\/\/blogdoedvaldomagalhaes.com.br\/index.php\/wp-json\/wp\/v2\/posts\/50664\/revisions\/50680"}],"wp:featuredmedia":[{"embeddable":true,"href":"https:\/\/blogdoedvaldomagalhaes.com.br\/index.php\/wp-json\/wp\/v2\/media\/50667"}],"wp:attachment":[{"href":"https:\/\/blogdoedvaldomagalhaes.com.br\/index.php\/wp-json\/wp\/v2\/media?parent=50664"}],"wp:term":[{"taxonomy":"category","embeddable":true,"href":"https:\/\/blogdoedvaldomagalhaes.com.br\/index.php\/wp-json\/wp\/v2\/categories?post=50664"},{"taxonomy":"post_tag","embeddable":true,"href":"https:\/\/blogdoedvaldomagalhaes.com.br\/index.php\/wp-json\/wp\/v2\/tags?post=50664"}],"curies":[{"name":"wp","href":"https:\/\/api.w.org\/{rel}","templated":true}]}}