{"id":50655,"date":"2020-01-15T14:43:03","date_gmt":"2020-01-15T17:43:03","guid":{"rendered":"http:\/\/blogdoedvaldomagalhaes.com.br\/?p=50655"},"modified":"2020-01-15T14:43:07","modified_gmt":"2020-01-15T17:43:07","slug":"hospital-regional-do-agreste-e-contemplado-com-convocacao-de-profissionais","status":"publish","type":"post","link":"https:\/\/blogdoedvaldomagalhaes.com.br\/index.php\/2020\/01\/15\/hospital-regional-do-agreste-e-contemplado-com-convocacao-de-profissionais\/","title":{"rendered":"Hospital Regional do Agreste \u00e9 contemplado com convoca\u00e7\u00e3o de profissionais"},"content":{"rendered":"<p style=\"text-align: justify;\"><span style=\"font-size: inherit;\">O governador Paulo C\u00e2mara nomeou 389 profissionais para atuar em hospitais, Ger\u00eancias Regionais de Sa\u00fade (Geres), Laborat\u00f3rio Central de Sa\u00fade P\u00fablica (Lacen-PE) e na Ag\u00eancia Pernambucana de Vigil\u00e2ncia Sanit\u00e1ria (Apevisa). Entre as unidades contempladas, est\u00e1 o Hospital Regional do Agreste (HRA), em Caruaru. Para o servi\u00e7o, foram nomeados 39 aprovados no \u00faltimo concurso da Secretaria Estadual de Sa\u00fade (SES-PE). S\u00e3o cl\u00ednicos gerais, neurocirurgi\u00f5es, traumato-ortopedistas, intensivista adulto, fisioterapeutas, assistentes sociais e t\u00e9cnicos em farm\u00e1cia.<\/span><\/p>\n<p style=\"text-align: justify;\">&#8220;O Governo Paulo C\u00e2mara tem atuado fortemente para qualificar a sa\u00fade de Caruaru. O Hospital S\u00e3o Sebasti\u00e3o foi reinaugurado e o Mestre Vitalino tem sido constantemente fortalecido, a exemplo da Unidade de Oncologia. Tamb\u00e9m inauguramos o novo Centro de Imagens do HRA. Com esse chamamento para o Regional do Agreste, vamos readequar as escalas de plant\u00e3o para continuar mantendo nosso compromisso de oferecer uma assist\u00eancia \u00e0 sa\u00fade de qualidade para a popula\u00e7\u00e3o do interior pernambucano&#8221;, afirmou o secret\u00e1rio estadual de Sa\u00fade, Andr\u00e9 Longo.<\/p>\n<p style=\"text-align: justify;\">CHAMAMENTOS: De 2015 at\u00e9 o momento, quase oito mil profissionais foram convocados para trabalhar em servi\u00e7os ligados \u00e0 Secretaria Estadual de Sa\u00fade, marcando o Governo Paulo C\u00e2mara como a gest\u00e3o que mais contratou concursados para a rede estadual em toda a hist\u00f3ria da sa\u00fade p\u00fablica de Pernambuco. O governador ressaltou que a chegada dos novos profissionais vai contribuir para dar continuidade aos avan\u00e7os na sa\u00fade p\u00fablica de Pernambuco. \u201cEles v\u00e3o fazer parte do corpo funcional do Estado, v\u00e3o atuar em todas as regi\u00f5es, buscando sempre mais humaniza\u00e7\u00e3o no atendimento e, acima de tudo, buscando salvar vidas, recuperar as pessoas que se adoentaram e trazer sa\u00fade para todas as cidades\u201d, pontuou.<\/p>\n<p style=\"text-align: justify;\">Dos 389 convocados, 142 s\u00e3o m\u00e9dicos de diversas especialidades; 122 s\u00e3o formados em outras profiss\u00f5es de n\u00edvel superior, como biom\u00e9dico, fisioterapeuta e enfermeiro; e 122 t\u00eam n\u00edvel m\u00e9dio t\u00e9cnico, como enfermagem, laborat\u00f3rio e farm\u00e1cia, al\u00e9m de tr\u00eas fiscais de vigil\u00e2ncia sanit\u00e1ria. Nos pr\u00f3ximos dias, os profissionais convocados ser\u00e3o chamados para per\u00edcia, posse e posterior lota\u00e7\u00e3o em servi\u00e7os localizados em todas as 12 Ger\u00eancias Regionais de Sa\u00fade (Geres).<\/p>\n<p style=\"text-align: justify;\">\u201cA nomea\u00e7\u00e3o refor\u00e7a a assist\u00eancia \u00e0 Sa\u00fade nas nossas unidades e traz uma marca deste governo, que \u00e9 a preocupa\u00e7\u00e3o com a reposi\u00e7\u00e3o dos profissionais de Sa\u00fade nessas unidades. J\u00e1 s\u00e3o quase oito mil profissionais nomeados ao longo desses quase seis anos de gest\u00e3o. S\u00e3o 1.290 somente nesta segunda gest\u00e3o. Isso demonstra o compromisso do governador Paulo C\u00e2mara\u201d, afirmou o secret\u00e1rio estadual de Sa\u00fade, Andr\u00e9 Longo.<\/p>\n\n\n<figure class=\"wp-block-image size-large\"><img loading=\"lazy\" decoding=\"async\" width=\"1024\" height=\"683\" src=\"http:\/\/blogdoedvaldomagalhaes.com.br\/wp-content\/uploads\/2020\/01\/Governador-Paulo-Camara-nomeia-389-concursados-para-a-Sa\u00fade07-1024x683.jpg\" alt=\"\" class=\"wp-image-50656\" srcset=\"https:\/\/blogdoedvaldomagalhaes.com.br\/wp-content\/uploads\/2020\/01\/Governador-Paulo-Camara-nomeia-389-concursados-para-a-Sa\u00fade07-1024x683.jpg 1024w, https:\/\/blogdoedvaldomagalhaes.com.br\/wp-content\/uploads\/2020\/01\/Governador-Paulo-Camara-nomeia-389-concursados-para-a-Sa\u00fade07-300x200.jpg 300w, https:\/\/blogdoedvaldomagalhaes.com.br\/wp-content\/uploads\/2020\/01\/Governador-Paulo-Camara-nomeia-389-concursados-para-a-Sa\u00fade07-768x512.jpg 768w, https:\/\/blogdoedvaldomagalhaes.com.br\/wp-content\/uploads\/2020\/01\/Governador-Paulo-Camara-nomeia-389-concursados-para-a-Sa\u00fade07.jpg 1500w\" sizes=\"auto, (max-width: 1024px) 100vw, 1024px\" \/><\/figure>\n","protected":false},"excerpt":{"rendered":"<p>O governador Paulo C\u00e2mara nomeou 389 profissionais para atuar em hospitais, Ger\u00eancias Regionais de Sa\u00fade (Geres), Laborat\u00f3rio Central de Sa\u00fade&hellip;<\/p>\n","protected":false},"author":1,"featured_media":50657,"comment_status":"open","ping_status":"open","sticky":false,"template":"","format":"standard","meta":{"footnotes":""},"categories":[14120],"tags":[2,16881,17079],"class_list":["post-50655","post","type-post","status-publish","format-standard","has-post-thumbnail","hentry","category-noticias","tag-blog-do-edvaldo-magalhaes","tag-caruaru-e-regiao","tag-hospital-regional-do-agreste-e-contemplado-com-convocacao-de-profissionais"],"_links":{"self":[{"href":"https:\/\/blogdoedvaldomagalhaes.com.br\/index.php\/wp-json\/wp\/v2\/posts\/50655","targetHints":{"allow":["GET"]}}],"collection":[{"href":"https:\/\/blogdoedvaldomagalhaes.com.br\/index.php\/wp-json\/wp\/v2\/posts"}],"about":[{"href":"https:\/\/blogdoedvaldomagalhaes.com.br\/index.php\/wp-json\/wp\/v2\/types\/post"}],"author":[{"embeddable":true,"href":"https:\/\/blogdoedvaldomagalhaes.com.br\/index.php\/wp-json\/wp\/v2\/users\/1"}],"replies":[{"embeddable":true,"href":"https:\/\/blogdoedvaldomagalhaes.com.br\/index.php\/wp-json\/wp\/v2\/comments?post=50655"}],"version-history":[{"count":1,"href":"https:\/\/blogdoedvaldomagalhaes.com.br\/index.php\/wp-json\/wp\/v2\/posts\/50655\/revisions"}],"predecessor-version":[{"id":50658,"href":"https:\/\/blogdoedvaldomagalhaes.com.br\/index.php\/wp-json\/wp\/v2\/posts\/50655\/revisions\/50658"}],"wp:featuredmedia":[{"embeddable":true,"href":"https:\/\/blogdoedvaldomagalhaes.com.br\/index.php\/wp-json\/wp\/v2\/media\/50657"}],"wp:attachment":[{"href":"https:\/\/blogdoedvaldomagalhaes.com.br\/index.php\/wp-json\/wp\/v2\/media?parent=50655"}],"wp:term":[{"taxonomy":"category","embeddable":true,"href":"https:\/\/blogdoedvaldomagalhaes.com.br\/index.php\/wp-json\/wp\/v2\/categories?post=50655"},{"taxonomy":"post_tag","embeddable":true,"href":"https:\/\/blogdoedvaldomagalhaes.com.br\/index.php\/wp-json\/wp\/v2\/tags?post=50655"}],"curies":[{"name":"wp","href":"https:\/\/api.w.org\/{rel}","templated":true}]}}