{"id":50652,"date":"2020-01-15T14:29:11","date_gmt":"2020-01-15T17:29:11","guid":{"rendered":"http:\/\/blogdoedvaldomagalhaes.com.br\/?p=50652"},"modified":"2020-01-15T14:29:13","modified_gmt":"2020-01-15T17:29:13","slug":"confira-cronograma-do-processo-de-liberacao-de-blocos-de-caruaru","status":"publish","type":"post","link":"https:\/\/blogdoedvaldomagalhaes.com.br\/index.php\/2020\/01\/15\/confira-cronograma-do-processo-de-liberacao-de-blocos-de-caruaru\/","title":{"rendered":"Confira cronograma do processo de libera\u00e7\u00e3o de blocos de Caruaru"},"content":{"rendered":"<p style=\"text-align: justify;\"><span style=\"font-size: inherit;\">A Prefeitura de Caruaru divulgou o cronograma do processo de libera\u00e7\u00e3o de blocos do per\u00edodo carnavalesco de 2020. Est\u00e3o respons\u00e1veis pelos atendimentos a Funda\u00e7\u00e3o de Cultura e Turismo (FCTC) e a Autarquia Municipal de Defesa Social, Tr\u00e2nsito e Transportes de Caruaru (Destra), em parceria com a Pol\u00edcia Militar.<\/span><\/p>\n<p style=\"text-align: justify;\">Nesta segunda-feira (13), o cadastramento das agremia\u00e7\u00f5es teve in\u00edcio na FCTC. O procedimento ocorre de forma presencial at\u00e9 o dia 20 de janeiro. No dia 23 deste m\u00eas haver\u00e1 uma reuni\u00e3o no 4\u00b0 BPM com todos os cadastrados. J\u00e1 de 27 a 31 de janeiro \u00e9 o per\u00edodo para solicitar na Destra a interdi\u00e7\u00e3o de vias durante os eventos &#8211; esse pedido de interdi\u00e7\u00e3o deve ser feito apenas ap\u00f3s a libera\u00e7\u00e3o da Funda\u00e7\u00e3o de Cultura e da PM. Os interessados em solicitar apoio da prefeitura atrav\u00e9s da FCTC (atra\u00e7\u00f5es musicais locais, estruturas de banheiros qu\u00edmicos) t\u00eam at\u00e9 o dia 31 de janeiro.<\/p>\n<p style=\"text-align: justify;\">O hor\u00e1rio de atendimento da Funda\u00e7\u00e3o de Cultura e Turismo de Caruaru \u00e9 das 8h \u00e0s 13h, no Espa\u00e7o Cultural Tancredo Neves, localizado na Pra\u00e7a Coronel Jos\u00e9 de Vasconcelos, 100, bairro Nossa Senhora das Dores. D\u00favidas podem ser esclarecidas pelo telefone: (81) 3721-1257. J\u00e1 a Destra funciona na Avenida Jos\u00e9 Mariano de Lima, n\u00famero 69, Bairro Universit\u00e1rio. O atendimento ocorre das 7h \u00e0s 13h e o telefone para contato \u00e9 (81) 3701-1173.<\/p>\n<p style=\"text-align: justify;\">Cronograma<\/p>\n<p style=\"text-align: justify;\">13\/01 a 20\/01 &#8211; Cadastro presencial de blocos na FCTC;<\/p>\n<p style=\"text-align: justify;\">23\/01 &#8211; Reuni\u00e3o no audit\u00f3rio do 4\u00b0 BPM \u00e0s 9h, com todos os respons\u00e1veis por agremia\u00e7\u00f5es cadastradas na FCTC;<\/p>\n<p style=\"text-align: justify;\">27\/01 a 31\/01 &#8211; Per\u00edodo para solicitar na Destra a interdi\u00e7\u00e3o de via (apenas ap\u00f3s a libera\u00e7\u00e3o da Funda\u00e7\u00e3o de Cultura e da PM);<\/p>\n<p style=\"text-align: justify;\">At\u00e9 31\/01 &#8211; Solicita\u00e7\u00e3o de apoio da prefeitura atrav\u00e9s da FCTC.<\/p>\n","protected":false},"excerpt":{"rendered":"<p>A Prefeitura de Caruaru divulgou o cronograma do processo de libera\u00e7\u00e3o de blocos do per\u00edodo carnavalesco de 2020. Est\u00e3o respons\u00e1veis&hellip;<\/p>\n","protected":false},"author":1,"featured_media":50653,"comment_status":"open","ping_status":"open","sticky":false,"template":"","format":"standard","meta":{"footnotes":""},"categories":[14120],"tags":[2,16881,17078],"class_list":["post-50652","post","type-post","status-publish","format-standard","has-post-thumbnail","hentry","category-noticias","tag-blog-do-edvaldo-magalhaes","tag-caruaru-e-regiao","tag-confira-cronograma-do-processo-de-liberacao-de-blocos-de-caruaru"],"_links":{"self":[{"href":"https:\/\/blogdoedvaldomagalhaes.com.br\/index.php\/wp-json\/wp\/v2\/posts\/50652","targetHints":{"allow":["GET"]}}],"collection":[{"href":"https:\/\/blogdoedvaldomagalhaes.com.br\/index.php\/wp-json\/wp\/v2\/posts"}],"about":[{"href":"https:\/\/blogdoedvaldomagalhaes.com.br\/index.php\/wp-json\/wp\/v2\/types\/post"}],"author":[{"embeddable":true,"href":"https:\/\/blogdoedvaldomagalhaes.com.br\/index.php\/wp-json\/wp\/v2\/users\/1"}],"replies":[{"embeddable":true,"href":"https:\/\/blogdoedvaldomagalhaes.com.br\/index.php\/wp-json\/wp\/v2\/comments?post=50652"}],"version-history":[{"count":1,"href":"https:\/\/blogdoedvaldomagalhaes.com.br\/index.php\/wp-json\/wp\/v2\/posts\/50652\/revisions"}],"predecessor-version":[{"id":50654,"href":"https:\/\/blogdoedvaldomagalhaes.com.br\/index.php\/wp-json\/wp\/v2\/posts\/50652\/revisions\/50654"}],"wp:featuredmedia":[{"embeddable":true,"href":"https:\/\/blogdoedvaldomagalhaes.com.br\/index.php\/wp-json\/wp\/v2\/media\/50653"}],"wp:attachment":[{"href":"https:\/\/blogdoedvaldomagalhaes.com.br\/index.php\/wp-json\/wp\/v2\/media?parent=50652"}],"wp:term":[{"taxonomy":"category","embeddable":true,"href":"https:\/\/blogdoedvaldomagalhaes.com.br\/index.php\/wp-json\/wp\/v2\/categories?post=50652"},{"taxonomy":"post_tag","embeddable":true,"href":"https:\/\/blogdoedvaldomagalhaes.com.br\/index.php\/wp-json\/wp\/v2\/tags?post=50652"}],"curies":[{"name":"wp","href":"https:\/\/api.w.org\/{rel}","templated":true}]}}