{"id":50642,"date":"2020-01-15T10:05:34","date_gmt":"2020-01-15T13:05:34","guid":{"rendered":"http:\/\/blogdoedvaldomagalhaes.com.br\/?p=50642"},"modified":"2020-01-15T10:05:35","modified_gmt":"2020-01-15T13:05:35","slug":"jovem-gravida-e-esfaqueada-em-caruaru","status":"publish","type":"post","link":"https:\/\/blogdoedvaldomagalhaes.com.br\/index.php\/2020\/01\/15\/jovem-gravida-e-esfaqueada-em-caruaru\/","title":{"rendered":"Jovem gr\u00e1vida \u00e9 esfaqueada em Caruaru"},"content":{"rendered":"<p style=\"text-align: justify;\"><span style=\"font-size: inherit;\">Na noite dessa ter\u00e7a-feira (14), uma jovem gr\u00e1vida de 22 anos de idade, foi esfaqueada nas proximidades da Pra\u00e7a do Ros\u00e1rio, no centro de Caruaru.<\/span><\/p>\n<p style=\"text-align: justify;\">A Pol\u00edcia Civil informou que a mulher foi ferida com golpes de faca e socorrida para o Hospital Regional do Agreste (HRA), sendo transferida para o Hospital da Restaura\u00e7\u00e3o (HR),\u00a0 em Recife, onde encontra-se internada, n\u00e3o correndo risco de morrer.<\/p>\n<p style=\"text-align: justify;\">A motiva\u00e7\u00e3o da agress\u00e3o e a identidade do agressor s\u00e3o desconhecidas at\u00e9 o momento. Um inqu\u00e9rito policial est\u00e1 sendo instaurado e o caso ser\u00e1 investigado.<\/p>\n","protected":false},"excerpt":{"rendered":"<p>Na noite dessa ter\u00e7a-feira (14), uma jovem gr\u00e1vida de 22 anos de idade, foi esfaqueada nas proximidades da Pra\u00e7a do&hellip;<\/p>\n","protected":false},"author":1,"featured_media":50643,"comment_status":"open","ping_status":"open","sticky":false,"template":"","format":"standard","meta":{"footnotes":""},"categories":[14121],"tags":[2,16881,17075],"class_list":["post-50642","post","type-post","status-publish","format-standard","has-post-thumbnail","hentry","category-policial","tag-blog-do-edvaldo-magalhaes","tag-caruaru-e-regiao","tag-jovem-gravida-e-esfaqueada-em-caruaru"],"_links":{"self":[{"href":"https:\/\/blogdoedvaldomagalhaes.com.br\/index.php\/wp-json\/wp\/v2\/posts\/50642","targetHints":{"allow":["GET"]}}],"collection":[{"href":"https:\/\/blogdoedvaldomagalhaes.com.br\/index.php\/wp-json\/wp\/v2\/posts"}],"about":[{"href":"https:\/\/blogdoedvaldomagalhaes.com.br\/index.php\/wp-json\/wp\/v2\/types\/post"}],"author":[{"embeddable":true,"href":"https:\/\/blogdoedvaldomagalhaes.com.br\/index.php\/wp-json\/wp\/v2\/users\/1"}],"replies":[{"embeddable":true,"href":"https:\/\/blogdoedvaldomagalhaes.com.br\/index.php\/wp-json\/wp\/v2\/comments?post=50642"}],"version-history":[{"count":1,"href":"https:\/\/blogdoedvaldomagalhaes.com.br\/index.php\/wp-json\/wp\/v2\/posts\/50642\/revisions"}],"predecessor-version":[{"id":50644,"href":"https:\/\/blogdoedvaldomagalhaes.com.br\/index.php\/wp-json\/wp\/v2\/posts\/50642\/revisions\/50644"}],"wp:featuredmedia":[{"embeddable":true,"href":"https:\/\/blogdoedvaldomagalhaes.com.br\/index.php\/wp-json\/wp\/v2\/media\/50643"}],"wp:attachment":[{"href":"https:\/\/blogdoedvaldomagalhaes.com.br\/index.php\/wp-json\/wp\/v2\/media?parent=50642"}],"wp:term":[{"taxonomy":"category","embeddable":true,"href":"https:\/\/blogdoedvaldomagalhaes.com.br\/index.php\/wp-json\/wp\/v2\/categories?post=50642"},{"taxonomy":"post_tag","embeddable":true,"href":"https:\/\/blogdoedvaldomagalhaes.com.br\/index.php\/wp-json\/wp\/v2\/tags?post=50642"}],"curies":[{"name":"wp","href":"https:\/\/api.w.org\/{rel}","templated":true}]}}