{"id":50639,"date":"2020-01-15T08:05:46","date_gmt":"2020-01-15T11:05:46","guid":{"rendered":"http:\/\/blogdoedvaldomagalhaes.com.br\/?p=50639"},"modified":"2020-01-15T08:05:49","modified_gmt":"2020-01-15T11:05:49","slug":"raffie-dellon-deixa-ciretran-de-caruaru-com-a-certeza-de-missao-cumprida","status":"publish","type":"post","link":"https:\/\/blogdoedvaldomagalhaes.com.br\/index.php\/2020\/01\/15\/raffie-dellon-deixa-ciretran-de-caruaru-com-a-certeza-de-missao-cumprida\/","title":{"rendered":"Raffi\u00ea Dellon deixa Ciretran de Caruaru com a certeza de miss\u00e3o cumprida"},"content":{"rendered":"<p style=\"text-align: justify;\"><span style=\"font-size: inherit;\">O pr\u00e9-candidato a prefeito de Caruaru, Raffi\u00ea Dellon (PSD), fecha o ciclo de quase tr\u00eas anos \u00e0 frente da 4\u00aa Ciretran de Caruaru. \u201cSaio com a miss\u00e3o cumprida. Ajudei a resgatar a credibilidade do \u00f3rg\u00e3o, al\u00e9m de garantir a prioridade ao usu\u00e1rio agendado durante todo esses anos \u00e0 frente da Ciretran em nosso munic\u00edpio.\u201d, afirma.<\/span><\/p>\n<p style=\"text-align: justify;\">Ao assumir o \u00f3rg\u00e3o, Raffi\u00ea se deparou com um importante espa\u00e7o p\u00fablico totalmente abandodando, fruto de um descaso de outras gest\u00f5es que por l\u00e1 passaram. Durante a sua gest\u00e3o obras importantes foram realizadas na unidade como a requalifica\u00e7\u00e3o da \u00e1rea de atendimento, reforma da sala dos grandes clientes, com instala\u00e7\u00e3o de sistema biom\u00e9trico para acesso dos despachantes, cria\u00e7\u00e3o de estacionamento para o usu\u00e1rio agendado, reforma do p\u00e1tio de exames e retirada de entulhos e ve\u00edculos acumulados no local.<\/p>\n<p style=\"text-align: justify;\">\u201cDurante nossa passagem pelo \u00f3rg\u00e3o criamos a Junta M\u00e9dica Especial em Caruaru, para as pessoas com Defici\u00eancia, que antes s\u00f3 existia em Recife. Outra conquista foi a cria\u00e7\u00e3o da Sala do Seguro DPVAT, algo tamb\u00e9m que s\u00f3 existia em Recife, trouxemos para Caruaru, com uma procura mensal de cerca de 50 pessoas, n\u00e3o s\u00f3 de nossa cidade, mas de todo o interior do Estado.\u201d, explica Raffi\u00ea.<\/p>\n<p style=\"text-align: justify;\">No final de 2019 o ent\u00e3o coordenador da 4\u00aa Ciretran, conseguiu algo in\u00e9dito, uma parceria com a HONDA Caruaru, na pessoa do diretor presidente, o senhor Elp\u00eddio Martins, para a pavimenta\u00e7\u00e3o das duas entradas de acesso da Ciretran, somado tamb\u00e9m as placas indicativas para o \u00f3rg\u00e3o.<\/p>\n<p style=\"text-align: justify;\">\u201cAgrade\u00e7o especialmente a todos os usu\u00e1rios e servidores da Ciretran de Caruaru, em especial aos tr\u00eas chefes: Jadiel J\u00fanior, Carlos Alberto e Gerrady Xavier, que foram os respons\u00e1veis juntos com toda a equipe pelas transforma\u00e7\u00f5es que realizamos.\u201d, agradece.<\/p>\n","protected":false},"excerpt":{"rendered":"<p>O pr\u00e9-candidato a prefeito de Caruaru, Raffi\u00ea Dellon (PSD), fecha o ciclo de quase tr\u00eas anos \u00e0 frente da 4\u00aa&hellip;<\/p>\n","protected":false},"author":1,"featured_media":50640,"comment_status":"open","ping_status":"open","sticky":false,"template":"","format":"standard","meta":{"footnotes":""},"categories":[14120],"tags":[2,16881,17074],"class_list":["post-50639","post","type-post","status-publish","format-standard","has-post-thumbnail","hentry","category-noticias","tag-blog-do-edvaldo-magalhaes","tag-caruaru-e-regiao","tag-raffie-dellon-deixa-ciretran-de-caruaru-com-a-certeza-de-missao-cumprida"],"_links":{"self":[{"href":"https:\/\/blogdoedvaldomagalhaes.com.br\/index.php\/wp-json\/wp\/v2\/posts\/50639","targetHints":{"allow":["GET"]}}],"collection":[{"href":"https:\/\/blogdoedvaldomagalhaes.com.br\/index.php\/wp-json\/wp\/v2\/posts"}],"about":[{"href":"https:\/\/blogdoedvaldomagalhaes.com.br\/index.php\/wp-json\/wp\/v2\/types\/post"}],"author":[{"embeddable":true,"href":"https:\/\/blogdoedvaldomagalhaes.com.br\/index.php\/wp-json\/wp\/v2\/users\/1"}],"replies":[{"embeddable":true,"href":"https:\/\/blogdoedvaldomagalhaes.com.br\/index.php\/wp-json\/wp\/v2\/comments?post=50639"}],"version-history":[{"count":1,"href":"https:\/\/blogdoedvaldomagalhaes.com.br\/index.php\/wp-json\/wp\/v2\/posts\/50639\/revisions"}],"predecessor-version":[{"id":50641,"href":"https:\/\/blogdoedvaldomagalhaes.com.br\/index.php\/wp-json\/wp\/v2\/posts\/50639\/revisions\/50641"}],"wp:featuredmedia":[{"embeddable":true,"href":"https:\/\/blogdoedvaldomagalhaes.com.br\/index.php\/wp-json\/wp\/v2\/media\/50640"}],"wp:attachment":[{"href":"https:\/\/blogdoedvaldomagalhaes.com.br\/index.php\/wp-json\/wp\/v2\/media?parent=50639"}],"wp:term":[{"taxonomy":"category","embeddable":true,"href":"https:\/\/blogdoedvaldomagalhaes.com.br\/index.php\/wp-json\/wp\/v2\/categories?post=50639"},{"taxonomy":"post_tag","embeddable":true,"href":"https:\/\/blogdoedvaldomagalhaes.com.br\/index.php\/wp-json\/wp\/v2\/tags?post=50639"}],"curies":[{"name":"wp","href":"https:\/\/api.w.org\/{rel}","templated":true}]}}