{"id":50629,"date":"2020-01-14T22:41:09","date_gmt":"2020-01-15T01:41:09","guid":{"rendered":"http:\/\/blogdoedvaldomagalhaes.com.br\/?p=50629"},"modified":"2020-01-14T22:46:28","modified_gmt":"2020-01-15T01:46:28","slug":"pernambuco-sedia-reuniao-de-secretarios-de-turismo-do-nordeste","status":"publish","type":"post","link":"https:\/\/blogdoedvaldomagalhaes.com.br\/index.php\/2020\/01\/14\/pernambuco-sedia-reuniao-de-secretarios-de-turismo-do-nordeste\/","title":{"rendered":"Pernambuco sedia reuni\u00e3o de secret\u00e1rios de Turismo do Nordeste"},"content":{"rendered":"<p style=\"text-align: justify;\"><span style=\"font-size: inherit;\">Secret\u00e1rios foram recebidos pelo governador Paulo C\u00e2mara, no Pal\u00e1cio, e depois participaram de reuni\u00e3o, na Setur, para planejar a\u00e7\u00e3o conjunta visando a atra\u00e7\u00e3o de estrangeiros<\/span><\/p>\n<p style=\"text-align: justify;\">O Cons\u00f3rcio Nordeste reuniu, na tarde desta ter\u00e7a-feira, os secret\u00e1rios de Turismo do Nordeste para mais um encontro do F\u00f3rum de Secret\u00e1rios Estaduais de Turismo do Nordeste. Tendo como anfitri\u00e3o o secret\u00e1rio de Turismo e Lazer de Pernambuco, Rodrigo Novaes, que ocupa a vice-presid\u00eancia do Fornatur (F\u00f3rum Nacional dos Secret\u00e1rios e Dirigentes Estaduais de Turismo), e a presen\u00e7a do secret\u00e1rio executivo do Cons\u00f3rcio, Carlos Eduardo Gabas, a reuni\u00e3o deu o pontap\u00e9 para cria\u00e7\u00e3o de uma agenda comum de a\u00e7\u00f5es no mercado internacional. O objetivo \u00e9 intensificar a atra\u00e7\u00e3o de turistas estrangeiros para o destino Nordeste.<\/p>\n<p style=\"text-align: justify;\">Antes do encontro no Centro de Conven\u00e7\u00f5es de Pernambuco, o grupo de gestores foi recebido pelo governador de Pernambuco, Paulo C\u00e2mara, para almo\u00e7o no Pal\u00e1cio. Parte do grupo, ao fim do dia, foi ainda conhecer o Centro Cultural Cais do Sert\u00e3o, no Bairro do Recife. Participaram da reuni\u00e3o, al\u00e9m do gestor de Pernambuco, os secret\u00e1rios de Turismo: Ana Maria da Costa (RN), Jos\u00e9 Sales Neto (SE), Hugo Paiva Veiga (MA), Fausto de Abreu Franco (BA), Gustavo Costa Feliciano (PB), Carina Thomaz C\u00e2mara (PI) e Sandra Vila Nova (AL).<\/p>\n<p style=\"text-align: justify;\">\u201cA partir da formaliza\u00e7\u00e3o do Cons\u00f3rcio Nordeste, um caminho diferente, de atua\u00e7\u00e3o em conjunto dos Estados nos foi dado. Temos atrativos em comum, todos temos praias, somos ricos culturalmente, e mais do que isso, temos desafios tamb\u00e9m comuns, problemas que podem ser tratados de maneira articulada. Acreditamos que o cons\u00f3rcio, que tem articula\u00e7\u00e3o positiva em diversas \u00e1reas, tamb\u00e9m pode trazer bons resultados para o turismo\u201d, afirmou o secret\u00e1rio de Turismo e Lazer de Pernambuco, Rodrigo Novaes.<\/p>\n<p style=\"text-align: justify;\">Entre as a\u00e7\u00f5es principais discutidas pelos gestores na ocasi\u00e3o est\u00e1 a cria\u00e7\u00e3o de um calend\u00e1rio de participa\u00e7\u00e3o conjunta em feiras internacionais, visando mercados ainda pouco explorados pelos Estados do Nordeste, a exemplo dos Estados Unidos, Fran\u00e7a e China. Ser\u00e1 escolhida uma marca \u00fanica identificando o destino.<\/p>\n<p style=\"text-align: justify;\">\u201cA gente sabe que h\u00e1 um interesse grande dos europeus pela regi\u00e3o, a exemplo dos portugueses, espanh\u00f3is e italianos, mas entendemos tamb\u00e9m que novos mercados, como a China, que tem hoje o turista que mais viaja no mundo, s\u00e3o muito interessantes. Temos ainda os americanos, que n\u00e3o precisam mais de visto para vir ao Brasil, por isso inicialmente vamos apostar nesses pa\u00edses, sem deixar de lado os mercados consolidados. Desde agora, na Fitur (Feira Internacional de Turismo, em Madri, de 22 a 26\/1), apresentaremos uma sinaliza\u00e7\u00e3o pr\u00f3pria e vamos atrelar o material individual a esta marca. No entanto, participa\u00e7\u00e3o mais robusta, com estande \u00fanico para os Estados, se dar\u00e1 a partir da feira da Fran\u00e7a, em setembro\u201d, destaca Novaes, citando a IFTM Top Resa, em Paris, de 22 a 24 de setembro.<\/p>\n<p style=\"text-align: justify;\">Os pr\u00f3ximos passos para que a a\u00e7\u00e3o conjunta do Nordeste seja iniciada incluem o desenvolvimento de um plano de a\u00e7\u00f5es, a ser apresentado em Bras\u00edlia, \u00e0 Embratur, at\u00e9 o Carnaval. A ideia \u00e9 apresentar ainda pleitos em comum aos Estados, tamb\u00e9m em \u00e1reas como estrutura\u00e7\u00e3o e malha a\u00e9rea.<\/p>\n<p style=\"text-align: justify;\">Ainda com rela\u00e7\u00e3o ao fortalecimento da regi\u00e3o para o turismo internacional, o Cons\u00f3rcio Nordeste dever\u00e1 realizar nova miss\u00e3o \u00e0 Europa, em mar\u00e7o pr\u00f3ximo, com a participa\u00e7\u00e3o de governadores e secret\u00e1rios de governo.<\/p>\n<p style=\"text-align: justify;\">\u201cA reuni\u00e3o de hoje, com a presen\u00e7a de Carlos Gabbas, o coordenador do Cons\u00f3rcio, e tamb\u00e9m dos secret\u00e1rios do Nordeste, nos abre uma perspectiva no mercado internacional e tamb\u00e9m de articula\u00e7\u00e3o no nacional, no que diz respeito ao nosso posicionamento pol\u00edtico em rela\u00e7\u00e3o aos desafios que temos que enfrentar. H\u00e1 importantes obras de infraestrutura que exigem o suporte do governo federal. Tudo isso est\u00e1 em pauta e ser\u00e1 devidamente planejado e iniciado nos pr\u00f3ximos meses\u201d, finaliza Novaes.<\/p>\n\n\n<figure class=\"wp-block-image size-large\"><img loading=\"lazy\" decoding=\"async\" width=\"1024\" height=\"645\" src=\"http:\/\/blogdoedvaldomagalhaes.com.br\/wp-content\/uploads\/2020\/01\/IMG-20200114-WA0102-1024x645.jpg\" alt=\"\" class=\"wp-image-50632\" srcset=\"https:\/\/blogdoedvaldomagalhaes.com.br\/wp-content\/uploads\/2020\/01\/IMG-20200114-WA0102-1024x645.jpg 1024w, https:\/\/blogdoedvaldomagalhaes.com.br\/wp-content\/uploads\/2020\/01\/IMG-20200114-WA0102-300x189.jpg 300w, https:\/\/blogdoedvaldomagalhaes.com.br\/wp-content\/uploads\/2020\/01\/IMG-20200114-WA0102-768x484.jpg 768w, https:\/\/blogdoedvaldomagalhaes.com.br\/wp-content\/uploads\/2020\/01\/IMG-20200114-WA0102.jpg 1174w\" sizes=\"auto, (max-width: 1024px) 100vw, 1024px\" \/><\/figure>\n\n\n\n<figure class=\"wp-block-image size-large\"><img loading=\"lazy\" decoding=\"async\" width=\"1024\" height=\"682\" src=\"http:\/\/blogdoedvaldomagalhaes.com.br\/wp-content\/uploads\/2020\/01\/IMG-20200114-WA0101-1024x682.jpg\" alt=\"\" class=\"wp-image-50633\" srcset=\"https:\/\/blogdoedvaldomagalhaes.com.br\/wp-content\/uploads\/2020\/01\/IMG-20200114-WA0101-1024x682.jpg 1024w, https:\/\/blogdoedvaldomagalhaes.com.br\/wp-content\/uploads\/2020\/01\/IMG-20200114-WA0101-300x200.jpg 300w, https:\/\/blogdoedvaldomagalhaes.com.br\/wp-content\/uploads\/2020\/01\/IMG-20200114-WA0101-768x512.jpg 768w, https:\/\/blogdoedvaldomagalhaes.com.br\/wp-content\/uploads\/2020\/01\/IMG-20200114-WA0101.jpg 1280w\" sizes=\"auto, (max-width: 1024px) 100vw, 1024px\" \/><\/figure>\n\n\n\n<figure class=\"wp-block-image size-large\"><img loading=\"lazy\" decoding=\"async\" width=\"1024\" height=\"682\" src=\"http:\/\/blogdoedvaldomagalhaes.com.br\/wp-content\/uploads\/2020\/01\/IMG-20200114-WA0100-1024x682.jpg\" alt=\"\" class=\"wp-image-50634\" srcset=\"https:\/\/blogdoedvaldomagalhaes.com.br\/wp-content\/uploads\/2020\/01\/IMG-20200114-WA0100-1024x682.jpg 1024w, https:\/\/blogdoedvaldomagalhaes.com.br\/wp-content\/uploads\/2020\/01\/IMG-20200114-WA0100-300x200.jpg 300w, https:\/\/blogdoedvaldomagalhaes.com.br\/wp-content\/uploads\/2020\/01\/IMG-20200114-WA0100-768x512.jpg 768w, https:\/\/blogdoedvaldomagalhaes.com.br\/wp-content\/uploads\/2020\/01\/IMG-20200114-WA0100.jpg 1280w\" sizes=\"auto, (max-width: 1024px) 100vw, 1024px\" \/><\/figure>\n\n\n\n<figure class=\"wp-block-image size-large\"><img loading=\"lazy\" decoding=\"async\" width=\"1024\" height=\"682\" src=\"http:\/\/blogdoedvaldomagalhaes.com.br\/wp-content\/uploads\/2020\/01\/IMG-20200114-WA0099-1024x682.jpg\" alt=\"\" class=\"wp-image-50635\" srcset=\"https:\/\/blogdoedvaldomagalhaes.com.br\/wp-content\/uploads\/2020\/01\/IMG-20200114-WA0099-1024x682.jpg 1024w, https:\/\/blogdoedvaldomagalhaes.com.br\/wp-content\/uploads\/2020\/01\/IMG-20200114-WA0099-300x200.jpg 300w, https:\/\/blogdoedvaldomagalhaes.com.br\/wp-content\/uploads\/2020\/01\/IMG-20200114-WA0099-768x512.jpg 768w, https:\/\/blogdoedvaldomagalhaes.com.br\/wp-content\/uploads\/2020\/01\/IMG-20200114-WA0099.jpg 1280w\" sizes=\"auto, (max-width: 1024px) 100vw, 1024px\" \/><\/figure>\n\n\n\n<figure class=\"wp-block-image size-large\"><img loading=\"lazy\" decoding=\"async\" width=\"1024\" height=\"683\" src=\"http:\/\/blogdoedvaldomagalhaes.com.br\/wp-content\/uploads\/2020\/01\/IMG-20200114-WA0098-1024x683.jpg\" alt=\"\" class=\"wp-image-50636\" srcset=\"https:\/\/blogdoedvaldomagalhaes.com.br\/wp-content\/uploads\/2020\/01\/IMG-20200114-WA0098-1024x683.jpg 1024w, https:\/\/blogdoedvaldomagalhaes.com.br\/wp-content\/uploads\/2020\/01\/IMG-20200114-WA0098-300x200.jpg 300w, https:\/\/blogdoedvaldomagalhaes.com.br\/wp-content\/uploads\/2020\/01\/IMG-20200114-WA0098-768x512.jpg 768w, https:\/\/blogdoedvaldomagalhaes.com.br\/wp-content\/uploads\/2020\/01\/IMG-20200114-WA0098.jpg 1225w\" sizes=\"auto, (max-width: 1024px) 100vw, 1024px\" \/><figcaption>Cr\u00e9dito das fotos: Chico Andrade\/SeturPE<\/figcaption><\/figure>\n","protected":false},"excerpt":{"rendered":"<p>Secret\u00e1rios foram recebidos pelo governador Paulo C\u00e2mara, no Pal\u00e1cio, e depois participaram de reuni\u00e3o, na Setur, para planejar a\u00e7\u00e3o conjunta&hellip;<\/p>\n","protected":false},"author":1,"featured_media":50630,"comment_status":"open","ping_status":"open","sticky":false,"template":"","format":"standard","meta":{"footnotes":""},"categories":[14120],"tags":[2,16881,17073],"class_list":["post-50629","post","type-post","status-publish","format-standard","has-post-thumbnail","hentry","category-noticias","tag-blog-do-edvaldo-magalhaes","tag-caruaru-e-regiao","tag-pernambuco-sedia-reuniao-de-secretarios-de-turismo-do-nordeste"],"_links":{"self":[{"href":"https:\/\/blogdoedvaldomagalhaes.com.br\/index.php\/wp-json\/wp\/v2\/posts\/50629","targetHints":{"allow":["GET"]}}],"collection":[{"href":"https:\/\/blogdoedvaldomagalhaes.com.br\/index.php\/wp-json\/wp\/v2\/posts"}],"about":[{"href":"https:\/\/blogdoedvaldomagalhaes.com.br\/index.php\/wp-json\/wp\/v2\/types\/post"}],"author":[{"embeddable":true,"href":"https:\/\/blogdoedvaldomagalhaes.com.br\/index.php\/wp-json\/wp\/v2\/users\/1"}],"replies":[{"embeddable":true,"href":"https:\/\/blogdoedvaldomagalhaes.com.br\/index.php\/wp-json\/wp\/v2\/comments?post=50629"}],"version-history":[{"count":2,"href":"https:\/\/blogdoedvaldomagalhaes.com.br\/index.php\/wp-json\/wp\/v2\/posts\/50629\/revisions"}],"predecessor-version":[{"id":50638,"href":"https:\/\/blogdoedvaldomagalhaes.com.br\/index.php\/wp-json\/wp\/v2\/posts\/50629\/revisions\/50638"}],"wp:featuredmedia":[{"embeddable":true,"href":"https:\/\/blogdoedvaldomagalhaes.com.br\/index.php\/wp-json\/wp\/v2\/media\/50630"}],"wp:attachment":[{"href":"https:\/\/blogdoedvaldomagalhaes.com.br\/index.php\/wp-json\/wp\/v2\/media?parent=50629"}],"wp:term":[{"taxonomy":"category","embeddable":true,"href":"https:\/\/blogdoedvaldomagalhaes.com.br\/index.php\/wp-json\/wp\/v2\/categories?post=50629"},{"taxonomy":"post_tag","embeddable":true,"href":"https:\/\/blogdoedvaldomagalhaes.com.br\/index.php\/wp-json\/wp\/v2\/tags?post=50629"}],"curies":[{"name":"wp","href":"https:\/\/api.w.org\/{rel}","templated":true}]}}