{"id":50618,"date":"2020-01-14T22:12:04","date_gmt":"2020-01-15T01:12:04","guid":{"rendered":"http:\/\/blogdoedvaldomagalhaes.com.br\/?p=50618"},"modified":"2020-01-14T22:12:42","modified_gmt":"2020-01-15T01:12:42","slug":"homem-e-morto-e-outro-baleado-em-caruaru-nesta-terca-14","status":"publish","type":"post","link":"https:\/\/blogdoedvaldomagalhaes.com.br\/index.php\/2020\/01\/14\/homem-e-morto-e-outro-baleado-em-caruaru-nesta-terca-14\/","title":{"rendered":"Homem \u00e9 morto e outro baleado em Caruaru nesta ter\u00e7a (14)"},"content":{"rendered":"<p style=\"text-align: justify;\"><span style=\"font-size: inherit;\">O fato ocorreu na noite desta ter\u00e7a feira (14), na Vila Campos, zona rural de Caruaru. Foi assassinado Jailson Lima da Silva, de 25 anos, enquanto que Genival Alexandre da Silva, de 38 anos, foi alvejado a tiros nos membros superiores e inferiores.<\/span><\/p>\n<p style=\"text-align: justify;\">A esposa de Jailson informou que o marido estava na frente da resid\u00eancia conversando com outro rapaz, quando ela escultou os disparos de arma de fogo.<\/p>\n<p style=\"text-align: justify;\">Os algozes estavam em um ve\u00edculo que ela n\u00e3o soube informar a cor nem o modelo.<\/p>\n<p style=\"text-align: justify;\">A pol\u00edcia Militar foi ao local e fez o isolamento da \u00e1rea at\u00e9 a chegada do IC, depois do levantamento cadav\u00e9rico o corpo foi encaminhado para o IML de Caruaru.<\/p>\n<p style=\"text-align: justify;\">Esse foi o 7\u00b0 homic\u00eddio no ano de 2020, em Caruaru.<\/p>\n\n\n<figure class=\"wp-block-image size-large\"><img loading=\"lazy\" decoding=\"async\" width=\"1024\" height=\"768\" src=\"http:\/\/blogdoedvaldomagalhaes.com.br\/wp-content\/uploads\/2020\/01\/FB_IMG_1579050297177-1024x768.jpg\" alt=\"\" class=\"wp-image-50622\" srcset=\"https:\/\/blogdoedvaldomagalhaes.com.br\/wp-content\/uploads\/2020\/01\/FB_IMG_1579050297177-1024x768.jpg 1024w, https:\/\/blogdoedvaldomagalhaes.com.br\/wp-content\/uploads\/2020\/01\/FB_IMG_1579050297177-300x225.jpg 300w, https:\/\/blogdoedvaldomagalhaes.com.br\/wp-content\/uploads\/2020\/01\/FB_IMG_1579050297177-768x576.jpg 768w, https:\/\/blogdoedvaldomagalhaes.com.br\/wp-content\/uploads\/2020\/01\/FB_IMG_1579050297177-160x120.jpg 160w, https:\/\/blogdoedvaldomagalhaes.com.br\/wp-content\/uploads\/2020\/01\/FB_IMG_1579050297177.jpg 1080w\" sizes=\"auto, (max-width: 1024px) 100vw, 1024px\" \/><figcaption>Informa\u00e7\u00f5es e fotos: Na Mira da Not\u00edcia<\/figcaption><\/figure>\n","protected":false},"excerpt":{"rendered":"<p>O fato ocorreu na noite desta ter\u00e7a feira (14), na Vila Campos, zona rural de Caruaru. Foi assassinado Jailson Lima&hellip;<\/p>\n","protected":false},"author":1,"featured_media":50621,"comment_status":"open","ping_status":"open","sticky":false,"template":"","format":"standard","meta":{"footnotes":""},"categories":[14121],"tags":[2,16881,17070],"class_list":["post-50618","post","type-post","status-publish","format-standard","has-post-thumbnail","hentry","category-policial","tag-blog-do-edvaldo-magalhaes","tag-caruaru-e-regiao","tag-homem-e-morto-e-outro-baleado-em-caruaru-nesta-terca-14"],"_links":{"self":[{"href":"https:\/\/blogdoedvaldomagalhaes.com.br\/index.php\/wp-json\/wp\/v2\/posts\/50618","targetHints":{"allow":["GET"]}}],"collection":[{"href":"https:\/\/blogdoedvaldomagalhaes.com.br\/index.php\/wp-json\/wp\/v2\/posts"}],"about":[{"href":"https:\/\/blogdoedvaldomagalhaes.com.br\/index.php\/wp-json\/wp\/v2\/types\/post"}],"author":[{"embeddable":true,"href":"https:\/\/blogdoedvaldomagalhaes.com.br\/index.php\/wp-json\/wp\/v2\/users\/1"}],"replies":[{"embeddable":true,"href":"https:\/\/blogdoedvaldomagalhaes.com.br\/index.php\/wp-json\/wp\/v2\/comments?post=50618"}],"version-history":[{"count":2,"href":"https:\/\/blogdoedvaldomagalhaes.com.br\/index.php\/wp-json\/wp\/v2\/posts\/50618\/revisions"}],"predecessor-version":[{"id":50624,"href":"https:\/\/blogdoedvaldomagalhaes.com.br\/index.php\/wp-json\/wp\/v2\/posts\/50618\/revisions\/50624"}],"wp:featuredmedia":[{"embeddable":true,"href":"https:\/\/blogdoedvaldomagalhaes.com.br\/index.php\/wp-json\/wp\/v2\/media\/50621"}],"wp:attachment":[{"href":"https:\/\/blogdoedvaldomagalhaes.com.br\/index.php\/wp-json\/wp\/v2\/media?parent=50618"}],"wp:term":[{"taxonomy":"category","embeddable":true,"href":"https:\/\/blogdoedvaldomagalhaes.com.br\/index.php\/wp-json\/wp\/v2\/categories?post=50618"},{"taxonomy":"post_tag","embeddable":true,"href":"https:\/\/blogdoedvaldomagalhaes.com.br\/index.php\/wp-json\/wp\/v2\/tags?post=50618"}],"curies":[{"name":"wp","href":"https:\/\/api.w.org\/{rel}","templated":true}]}}