{"id":50613,"date":"2020-01-14T13:58:28","date_gmt":"2020-01-14T16:58:28","guid":{"rendered":"http:\/\/blogdoedvaldomagalhaes.com.br\/?p=50613"},"modified":"2020-01-14T13:58:35","modified_gmt":"2020-01-14T16:58:35","slug":"operacao-lei-seca-amplia-fiscalizacao-nas-estradas-neste-mes-de-janeiro","status":"publish","type":"post","link":"https:\/\/blogdoedvaldomagalhaes.com.br\/index.php\/2020\/01\/14\/operacao-lei-seca-amplia-fiscalizacao-nas-estradas-neste-mes-de-janeiro\/","title":{"rendered":"Opera\u00e7\u00e3o Lei Seca amplia fiscaliza\u00e7\u00e3o nas estradas neste m\u00eas de janeiro"},"content":{"rendered":"<p style=\"text-align: justify;\"><span style=\"font-size: inherit;\">Com as f\u00e9rias escolares neste m\u00eas de janeiro, a movimenta\u00e7\u00e3o nas estradas que levam ao Litoral do Estado, principalmente nos fins de semana, \u00e9 ainda mais intensa. Para garantir a seguran\u00e7a do motorista que circula por esses trechos e alertar sobre o perigo da combina\u00e7\u00e3o \u00e1lcool e dire\u00e7\u00e3o, a Opera\u00e7\u00e3o Lei Seca (OLS) intensificou a fiscaliza\u00e7\u00e3o nas vias que levam \u00e0s principais praias pernambucanas. Localidades como a ilha de Itamarac\u00e1, Tamandar\u00e9 e Porto de Galinhas j\u00e1 est\u00e3o recebendo as a\u00e7\u00f5es &#8211; tanto de fiscaliza\u00e7\u00e3o como as blitze educativas.<\/span><\/p>\n<p style=\"text-align: justify;\">Cerca de 15 equipes atuam nesse per\u00edodo nas rotas com maior fluxo de ve\u00edculos nas estradas que cortam o Estado. &#8220;Em janeiro, sabemos que h\u00e1 muitos eventos no Litoral do Estado, por isso a import\u00e2ncia de deslocar equipes para esses roteiros. Estamos atuando intensamente com o intuito de dar mais seguran\u00e7a aos condutores de ve\u00edculos que est\u00e3o circulando nessas regi\u00f5es. Al\u00e9m da fiscaliza\u00e7\u00e3o, nossas equipes educativas orientam os motoristas quanto ao perigo de consumir bebidas alco\u00f3licas e partir para a dire\u00e7\u00e3o. H\u00e1, inclusive, a participa\u00e7\u00e3o de pessoas com defici\u00eancia, resultado de acidentes causados pelo \u00e1lcool, que contam suas experi\u00eancias e conscientizam a popula\u00e7\u00e3o sobre essa combina\u00e7\u00e3o perigosa&#8221;, pontua o coordenador executivo da Opera\u00e7\u00e3o Lei Seca em Pernambuco, Felipe Gondim. As equipes j\u00e1 est\u00e3o trabalhando com a nova sinaliza\u00e7\u00e3o das blitze com placas refletivas que alertam os motoristas durante os bloqueios itinerantes.<\/p>\n<p style=\"text-align: justify;\">Sob a coordena\u00e7\u00e3o da Secretaria Estadual de Sa\u00fade (SES-PE) em parceria com o Departamento Estadual de Tr\u00e2nsito de Pernambuco (Detran-PE) e Pol\u00edcia Militar (PMPE), a Opera\u00e7\u00e3o Lei Seca completou, em 2019, oito anos de atua\u00e7\u00e3o em Pernambuco. Nesse per\u00edodo, a OLS abordou 2,8 milh\u00f5es de motoristas e as infra\u00e7\u00f5es por alcoolemia correspondem a apenas 1,7% do total de abordagens realizadas no Estado e os crimes por embriaguez chegam a menos de 0,1% em rela\u00e7\u00e3o \u00e0s infra\u00e7\u00f5es.<\/p>\n<p style=\"text-align: justify;\">FIM DE ANO &#8211; A Opera\u00e7\u00e3o Lei Seca tamb\u00e9m intensificou as a\u00e7\u00f5es nas festividades de fim de ano, com fiscaliza\u00e7\u00e3o di\u00e1ria no Natal e Ano Novo. De 23 de dezembro de 2019 a 1\u00ba de janeiro de 2020, foram 9.163 ve\u00edculos abordados. Ao todo, 195 motoristas tiveram suas CNHs (Carteira Nacional de Habilita\u00e7\u00e3o) recolhidas e 64 ve\u00edculos foram rebocados. No total do per\u00edodo, 9.373 pessoas realizaram o teste de alcoolemia. Destas, 9.328 foram liberadas por n\u00e3o terem ingerido bebida alco\u00f3lica. J\u00e1 em 45 pessoas foi constatada a ingest\u00e3o de \u00e1lcool ao conduzir o ve\u00edculo (7 delas foram autuadas em flagrante por crime de tr\u00e2nsito). Um total de 149 condutores se recusaram a realizar o teste do baf\u00f4metro.<\/p>\n<p style=\"text-align: justify;\">Somente no dia 1\u00ba de janeiro de 2020, nos quatro turnos de atua\u00e7\u00e3o das equipes (manh\u00e3, tarde, noite e madrugada), 58 pessoas foram notificadas pela OLS pela combina\u00e7\u00e3o de \u00e1lcool e dire\u00e7\u00e3o ou pela recusa para realizar o teste de alcoolemia.<\/p>\n<p style=\"text-align: justify;\">Informa\u00e7\u00f5es: Secretaria Estadual de Sa\u00fade &#8211; PE\/Superintend\u00eancia\u00a0de Comunica\u00e7\u00e3o<\/p>\n\n\n<figure class=\"wp-block-image size-large\"><img loading=\"lazy\" decoding=\"async\" width=\"1024\" height=\"768\" src=\"http:\/\/blogdoedvaldomagalhaes.com.br\/wp-content\/uploads\/2020\/01\/OLS_3_Credito_Jussania_Maria_SES-1024x768.jpg\" alt=\"\" class=\"wp-image-50615\" srcset=\"https:\/\/blogdoedvaldomagalhaes.com.br\/wp-content\/uploads\/2020\/01\/OLS_3_Credito_Jussania_Maria_SES-1024x768.jpg 1024w, https:\/\/blogdoedvaldomagalhaes.com.br\/wp-content\/uploads\/2020\/01\/OLS_3_Credito_Jussania_Maria_SES-300x225.jpg 300w, https:\/\/blogdoedvaldomagalhaes.com.br\/wp-content\/uploads\/2020\/01\/OLS_3_Credito_Jussania_Maria_SES-768x576.jpg 768w, https:\/\/blogdoedvaldomagalhaes.com.br\/wp-content\/uploads\/2020\/01\/OLS_3_Credito_Jussania_Maria_SES-160x120.jpg 160w, https:\/\/blogdoedvaldomagalhaes.com.br\/wp-content\/uploads\/2020\/01\/OLS_3_Credito_Jussania_Maria_SES.jpg 1280w\" sizes=\"auto, (max-width: 1024px) 100vw, 1024px\" \/><\/figure>\n","protected":false},"excerpt":{"rendered":"<p>Com as f\u00e9rias escolares neste m\u00eas de janeiro, a movimenta\u00e7\u00e3o nas estradas que levam ao Litoral do Estado, principalmente nos&hellip;<\/p>\n","protected":false},"author":1,"featured_media":50614,"comment_status":"open","ping_status":"open","sticky":false,"template":"","format":"standard","meta":{"footnotes":""},"categories":[14120],"tags":[2,16881,17069],"class_list":["post-50613","post","type-post","status-publish","format-standard","has-post-thumbnail","hentry","category-noticias","tag-blog-do-edvaldo-magalhaes","tag-caruaru-e-regiao","tag-operacao-lei-seca-amplia-fiscalizacao-nas-estradas-neste-mes-de-janeiro"],"_links":{"self":[{"href":"https:\/\/blogdoedvaldomagalhaes.com.br\/index.php\/wp-json\/wp\/v2\/posts\/50613","targetHints":{"allow":["GET"]}}],"collection":[{"href":"https:\/\/blogdoedvaldomagalhaes.com.br\/index.php\/wp-json\/wp\/v2\/posts"}],"about":[{"href":"https:\/\/blogdoedvaldomagalhaes.com.br\/index.php\/wp-json\/wp\/v2\/types\/post"}],"author":[{"embeddable":true,"href":"https:\/\/blogdoedvaldomagalhaes.com.br\/index.php\/wp-json\/wp\/v2\/users\/1"}],"replies":[{"embeddable":true,"href":"https:\/\/blogdoedvaldomagalhaes.com.br\/index.php\/wp-json\/wp\/v2\/comments?post=50613"}],"version-history":[{"count":1,"href":"https:\/\/blogdoedvaldomagalhaes.com.br\/index.php\/wp-json\/wp\/v2\/posts\/50613\/revisions"}],"predecessor-version":[{"id":50616,"href":"https:\/\/blogdoedvaldomagalhaes.com.br\/index.php\/wp-json\/wp\/v2\/posts\/50613\/revisions\/50616"}],"wp:featuredmedia":[{"embeddable":true,"href":"https:\/\/blogdoedvaldomagalhaes.com.br\/index.php\/wp-json\/wp\/v2\/media\/50614"}],"wp:attachment":[{"href":"https:\/\/blogdoedvaldomagalhaes.com.br\/index.php\/wp-json\/wp\/v2\/media?parent=50613"}],"wp:term":[{"taxonomy":"category","embeddable":true,"href":"https:\/\/blogdoedvaldomagalhaes.com.br\/index.php\/wp-json\/wp\/v2\/categories?post=50613"},{"taxonomy":"post_tag","embeddable":true,"href":"https:\/\/blogdoedvaldomagalhaes.com.br\/index.php\/wp-json\/wp\/v2\/tags?post=50613"}],"curies":[{"name":"wp","href":"https:\/\/api.w.org\/{rel}","templated":true}]}}