{"id":50605,"date":"2020-01-14T10:17:24","date_gmt":"2020-01-14T13:17:24","guid":{"rendered":"http:\/\/blogdoedvaldomagalhaes.com.br\/?p=50605"},"modified":"2020-01-14T22:33:54","modified_gmt":"2020-01-15T01:33:54","slug":"prefeitura-de-caruaru-inicia-processo-seletivo-com-112-vagas-para-secretaria-de-saude","status":"publish","type":"post","link":"https:\/\/blogdoedvaldomagalhaes.com.br\/index.php\/2020\/01\/14\/prefeitura-de-caruaru-inicia-processo-seletivo-com-112-vagas-para-secretaria-de-saude\/","title":{"rendered":"Prefeitura de Caruaru inicia processo seletivo com 112 vagas para Secretaria de Sa\u00fade"},"content":{"rendered":"<p style=\"text-align: justify;\"><span style=\"font-size: inherit;\">A Prefeitura de Caruaru lan\u00e7ou mais uma sele\u00e7\u00e3o p\u00fablica simplificada visando \u00e0 contrata\u00e7\u00e3o tempor\u00e1ria de 112 profissionais, para a Secretaria Municipal de Sa\u00fade, com a exig\u00eancia de ensino superior.<\/span><\/p>\n<p style=\"text-align: justify;\"><span style=\"font-size: inherit;\">A prefeitura come\u00e7ou mais uma sele\u00e7\u00e3o p\u00fablica simplificada, visando \u00e0 contrata\u00e7\u00e3o tempor\u00e1ria de 82 profissionais m\u00e9dicos, para execu\u00e7\u00e3o de atividades e projetos no escopo da Secretaria Municipal de Sa\u00fade.<\/span><\/p>\n<p style=\"text-align: justify;\"><span style=\"font-size: inherit;\">A prefeitura tamb\u00e9m lan\u00e7ou mais uma sele\u00e7\u00e3o p\u00fablica simplificada visando \u00e0 contrata\u00e7\u00e3o tempor\u00e1ria de 20 motoristas, para preenchimento de vagas nas Secretarias Municipais de Administra\u00e7\u00e3o e Educa\u00e7\u00e3o.<\/span><\/p>\n<p style=\"text-align: justify;\">As inscri\u00e7\u00f5es ser\u00e3o realizadas at\u00e9 o dia 23 de janeiro. Todas as informa\u00e7\u00f5es sobre o processo seletivo est\u00e3o dispon\u00edveis no edital, no site https:\/\/selecoes.caruaru.pe.gov.br. As inscri\u00e7\u00f5es ser\u00e3o feitas, atrav\u00e9s do endere\u00e7o eletr\u00f4nico j\u00e1 citado, ou presencialmente, das 8h \u00e0s 16h na Secretaria de Administra\u00e7\u00e3o (Pra\u00e7a Pedro de Souza, 30, Nossa Senhora das Dores, Caruaru-PE.<\/p>\n<p>Foto\/Ilustrativa.<\/p>\n","protected":false},"excerpt":{"rendered":"<p>A Prefeitura de Caruaru lan\u00e7ou mais uma sele\u00e7\u00e3o p\u00fablica simplificada visando \u00e0 contrata\u00e7\u00e3o tempor\u00e1ria de 112 profissionais, para a Secretaria&hellip;<\/p>\n","protected":false},"author":1,"featured_media":50606,"comment_status":"open","ping_status":"open","sticky":false,"template":"","format":"standard","meta":{"footnotes":""},"categories":[14120],"tags":[2,16881,17068],"class_list":["post-50605","post","type-post","status-publish","format-standard","has-post-thumbnail","hentry","category-noticias","tag-blog-do-edvaldo-magalhaes","tag-caruaru-e-regiao","tag-prefeitura-de-caruaru-inicia-processo-seletivo-com-112-vagas-para-secretaria-de-saude"],"_links":{"self":[{"href":"https:\/\/blogdoedvaldomagalhaes.com.br\/index.php\/wp-json\/wp\/v2\/posts\/50605","targetHints":{"allow":["GET"]}}],"collection":[{"href":"https:\/\/blogdoedvaldomagalhaes.com.br\/index.php\/wp-json\/wp\/v2\/posts"}],"about":[{"href":"https:\/\/blogdoedvaldomagalhaes.com.br\/index.php\/wp-json\/wp\/v2\/types\/post"}],"author":[{"embeddable":true,"href":"https:\/\/blogdoedvaldomagalhaes.com.br\/index.php\/wp-json\/wp\/v2\/users\/1"}],"replies":[{"embeddable":true,"href":"https:\/\/blogdoedvaldomagalhaes.com.br\/index.php\/wp-json\/wp\/v2\/comments?post=50605"}],"version-history":[{"count":4,"href":"https:\/\/blogdoedvaldomagalhaes.com.br\/index.php\/wp-json\/wp\/v2\/posts\/50605\/revisions"}],"predecessor-version":[{"id":50628,"href":"https:\/\/blogdoedvaldomagalhaes.com.br\/index.php\/wp-json\/wp\/v2\/posts\/50605\/revisions\/50628"}],"wp:featuredmedia":[{"embeddable":true,"href":"https:\/\/blogdoedvaldomagalhaes.com.br\/index.php\/wp-json\/wp\/v2\/media\/50606"}],"wp:attachment":[{"href":"https:\/\/blogdoedvaldomagalhaes.com.br\/index.php\/wp-json\/wp\/v2\/media?parent=50605"}],"wp:term":[{"taxonomy":"category","embeddable":true,"href":"https:\/\/blogdoedvaldomagalhaes.com.br\/index.php\/wp-json\/wp\/v2\/categories?post=50605"},{"taxonomy":"post_tag","embeddable":true,"href":"https:\/\/blogdoedvaldomagalhaes.com.br\/index.php\/wp-json\/wp\/v2\/tags?post=50605"}],"curies":[{"name":"wp","href":"https:\/\/api.w.org\/{rel}","templated":true}]}}