{"id":50599,"date":"2020-01-13T18:22:53","date_gmt":"2020-01-13T21:22:53","guid":{"rendered":"http:\/\/blogdoedvaldomagalhaes.com.br\/?p=50599"},"modified":"2020-01-13T18:52:03","modified_gmt":"2020-01-13T21:52:03","slug":"capotamento-com-vitima-fatal-na-br-408-em-sao-lourenco-da-mata","status":"publish","type":"post","link":"https:\/\/blogdoedvaldomagalhaes.com.br\/index.php\/2020\/01\/13\/capotamento-com-vitima-fatal-na-br-408-em-sao-lourenco-da-mata\/","title":{"rendered":"Capotamento com v\u00edtima fatal na BR-408 em S\u00e3o Louren\u00e7o da Mata"},"content":{"rendered":"<p style=\"text-align: justify;\">O acidente ocorreu por volta das 14h30 no km 96 da BR 408 em S\u00e3o Louren\u00e7o da Mata.<\/p>\n<p style=\"text-align: justify;\">O motorista de um carro perdeu o controle do ve\u00edculo, subiu um barranco e capotou.<\/p>\n<p style=\"text-align: justify;\">O passageiro de 49 anos faleceu no local.<\/p>\n<p style=\"text-align: justify;\">O motorista de 42 anos ficou ferido e foi socorrido para o hospital da Restaura\u00e7\u00e3o. Ele n\u00e3o possui a Carteira Nacional de Habilita\u00e7\u00e3o.<\/p>\n\n\n<figure class=\"wp-block-image size-large\"><img loading=\"lazy\" decoding=\"async\" width=\"1024\" height=\"768\" src=\"http:\/\/blogdoedvaldomagalhaes.com.br\/wp-content\/uploads\/2020\/01\/IMG-20200113-WA0070-1024x768.jpg\" alt=\"\" class=\"wp-image-50601\" srcset=\"https:\/\/blogdoedvaldomagalhaes.com.br\/wp-content\/uploads\/2020\/01\/IMG-20200113-WA0070-1024x768.jpg 1024w, https:\/\/blogdoedvaldomagalhaes.com.br\/wp-content\/uploads\/2020\/01\/IMG-20200113-WA0070-300x225.jpg 300w, https:\/\/blogdoedvaldomagalhaes.com.br\/wp-content\/uploads\/2020\/01\/IMG-20200113-WA0070-768x576.jpg 768w, https:\/\/blogdoedvaldomagalhaes.com.br\/wp-content\/uploads\/2020\/01\/IMG-20200113-WA0070-160x120.jpg 160w, https:\/\/blogdoedvaldomagalhaes.com.br\/wp-content\/uploads\/2020\/01\/IMG-20200113-WA0070.jpg 1152w\" sizes=\"auto, (max-width: 1024px) 100vw, 1024px\" \/><\/figure>\n\n\n\n<figure class=\"wp-block-image size-large\"><img loading=\"lazy\" decoding=\"async\" width=\"934\" height=\"863\" src=\"http:\/\/blogdoedvaldomagalhaes.com.br\/wp-content\/uploads\/2020\/01\/IMG-20200113-WA0170.jpg\" alt=\"\" class=\"wp-image-50603\" srcset=\"https:\/\/blogdoedvaldomagalhaes.com.br\/wp-content\/uploads\/2020\/01\/IMG-20200113-WA0170.jpg 934w, https:\/\/blogdoedvaldomagalhaes.com.br\/wp-content\/uploads\/2020\/01\/IMG-20200113-WA0170-300x277.jpg 300w, https:\/\/blogdoedvaldomagalhaes.com.br\/wp-content\/uploads\/2020\/01\/IMG-20200113-WA0170-768x710.jpg 768w\" sizes=\"auto, (max-width: 934px) 100vw, 934px\" \/><figcaption>Informa\u00e7\u00f5es e fotos: PRF<\/figcaption><\/figure>\n","protected":false},"excerpt":{"rendered":"<p>O acidente ocorreu por volta das 14h30 no km 96 da BR 408 em S\u00e3o Louren\u00e7o da Mata. O motorista&hellip;<\/p>\n","protected":false},"author":1,"featured_media":50600,"comment_status":"open","ping_status":"open","sticky":false,"template":"","format":"standard","meta":{"footnotes":""},"categories":[14120],"tags":[2,17067,16881],"class_list":["post-50599","post","type-post","status-publish","format-standard","has-post-thumbnail","hentry","category-noticias","tag-blog-do-edvaldo-magalhaes","tag-capotamento-com-vitima-fatal-na-br-408-em-sao-lourenco-da-mata","tag-caruaru-e-regiao"],"_links":{"self":[{"href":"https:\/\/blogdoedvaldomagalhaes.com.br\/index.php\/wp-json\/wp\/v2\/posts\/50599","targetHints":{"allow":["GET"]}}],"collection":[{"href":"https:\/\/blogdoedvaldomagalhaes.com.br\/index.php\/wp-json\/wp\/v2\/posts"}],"about":[{"href":"https:\/\/blogdoedvaldomagalhaes.com.br\/index.php\/wp-json\/wp\/v2\/types\/post"}],"author":[{"embeddable":true,"href":"https:\/\/blogdoedvaldomagalhaes.com.br\/index.php\/wp-json\/wp\/v2\/users\/1"}],"replies":[{"embeddable":true,"href":"https:\/\/blogdoedvaldomagalhaes.com.br\/index.php\/wp-json\/wp\/v2\/comments?post=50599"}],"version-history":[{"count":2,"href":"https:\/\/blogdoedvaldomagalhaes.com.br\/index.php\/wp-json\/wp\/v2\/posts\/50599\/revisions"}],"predecessor-version":[{"id":50604,"href":"https:\/\/blogdoedvaldomagalhaes.com.br\/index.php\/wp-json\/wp\/v2\/posts\/50599\/revisions\/50604"}],"wp:featuredmedia":[{"embeddable":true,"href":"https:\/\/blogdoedvaldomagalhaes.com.br\/index.php\/wp-json\/wp\/v2\/media\/50600"}],"wp:attachment":[{"href":"https:\/\/blogdoedvaldomagalhaes.com.br\/index.php\/wp-json\/wp\/v2\/media?parent=50599"}],"wp:term":[{"taxonomy":"category","embeddable":true,"href":"https:\/\/blogdoedvaldomagalhaes.com.br\/index.php\/wp-json\/wp\/v2\/categories?post=50599"},{"taxonomy":"post_tag","embeddable":true,"href":"https:\/\/blogdoedvaldomagalhaes.com.br\/index.php\/wp-json\/wp\/v2\/tags?post=50599"}],"curies":[{"name":"wp","href":"https:\/\/api.w.org\/{rel}","templated":true}]}}