{"id":50583,"date":"2020-01-13T16:00:57","date_gmt":"2020-01-13T19:00:57","guid":{"rendered":"http:\/\/blogdoedvaldomagalhaes.com.br\/?p=50583"},"modified":"2020-01-13T16:01:03","modified_gmt":"2020-01-13T19:01:03","slug":"2-edicao-do-enconpet-sera-realizado-este-mes-em-caruaru","status":"publish","type":"post","link":"https:\/\/blogdoedvaldomagalhaes.com.br\/index.php\/2020\/01\/13\/2-edicao-do-enconpet-sera-realizado-este-mes-em-caruaru\/","title":{"rendered":"2\u00b0 edi\u00e7\u00e3o do Enconpet ser\u00e1 realizado este m\u00eas em Caruaru"},"content":{"rendered":"<p style=\"text-align: justify;\"><span style=\"font-size: inherit;\">A 2\u00b0 edi\u00e7\u00e3o do Enconpet ser\u00e1 realizada no pr\u00f3ximo dia 29 de janeiro, no pavilh\u00e3o de eventos do *Caruaru Shopping*, das 16h \u00e0s 22h.<\/span><\/p>\n<p style=\"text-align: justify;\">O evento \u00e9 destinado aos protetores e cuidadores de animal da regi\u00e3o.<\/p>\n<p style=\"text-align: justify;\">Haver\u00e1 um debate (mesa redonda) com a participa\u00e7\u00e3o do bi\u00f3logo e m\u00e9dico veterin\u00e1rio, Breno Tabosa, representado a prefeitura de Caruaru, atrav\u00e9s da AME ANIMAL;<br \/>O criador da GAEDA, Anderson Corr\u00eaia; <br \/>A protetora de animais, Ana Maria Barros do projeto Pets no campus;<br \/>O Dr. J\u00fanior, coordenador do curso de medicina veterin\u00e1ria da UniFavip Wyden; <br \/>O professor e vereador, Daniel Finizola;<br \/>O s\u00f3cio fundador do movimento *Meu Bairro Melhor*, Renato Lyra e a ativista pelas causas animais Ana Karina.<\/p>\n<p style=\"text-align: justify;\">Para participar do Enconpet \u00e9 necess\u00e1rio fazer a inscri\u00e7\u00e3o gratuita, atrav\u00e9s do 3723-3852 ou na Cl\u00ednica *HopeVet*, ser\u00e3o disponibilizadas 300 vagas.<\/p>\n<p style=\"text-align: justify;\">Al\u00e9m da troca de conhecimentos, teremos o sorteio de 1 ano de ra\u00e7\u00e3o gr\u00e1tis, 10 bolsas de estudo para o curso de Auxiliar Veterin\u00e1rio, al\u00e9m de sorteios de brindes e palestra com o <br \/>Psic\u00f3logo cl\u00ednico e Social,<br \/>Dr. Michael Costa, sobre acumuladores.<\/p>\n\n\n<figure class=\"wp-block-image size-large\"><img loading=\"lazy\" decoding=\"async\" width=\"1024\" height=\"1024\" src=\"http:\/\/blogdoedvaldomagalhaes.com.br\/wp-content\/uploads\/2020\/01\/IMG-20200113-WA0033-1024x1024.jpg\" alt=\"\" class=\"wp-image-50585\" srcset=\"https:\/\/blogdoedvaldomagalhaes.com.br\/wp-content\/uploads\/2020\/01\/IMG-20200113-WA0033-1024x1024.jpg 1024w, https:\/\/blogdoedvaldomagalhaes.com.br\/wp-content\/uploads\/2020\/01\/IMG-20200113-WA0033-300x300.jpg 300w, https:\/\/blogdoedvaldomagalhaes.com.br\/wp-content\/uploads\/2020\/01\/IMG-20200113-WA0033-150x150.jpg 150w, https:\/\/blogdoedvaldomagalhaes.com.br\/wp-content\/uploads\/2020\/01\/IMG-20200113-WA0033-768x768.jpg 768w, https:\/\/blogdoedvaldomagalhaes.com.br\/wp-content\/uploads\/2020\/01\/IMG-20200113-WA0033.jpg 1080w\" sizes=\"auto, (max-width: 1024px) 100vw, 1024px\" \/><\/figure>\n","protected":false},"excerpt":{"rendered":"<p>A 2\u00b0 edi\u00e7\u00e3o do Enconpet ser\u00e1 realizada no pr\u00f3ximo dia 29 de janeiro, no pavilh\u00e3o de eventos do *Caruaru Shopping*,&hellip;<\/p>\n","protected":false},"author":1,"featured_media":50584,"comment_status":"open","ping_status":"open","sticky":false,"template":"","format":"standard","meta":{"footnotes":""},"categories":[14120],"tags":[17063,2,16881],"class_list":["post-50583","post","type-post","status-publish","format-standard","has-post-thumbnail","hentry","category-noticias","tag-2-edicao-do-enconpet-sera-realizado-este-mes-em-caruaru","tag-blog-do-edvaldo-magalhaes","tag-caruaru-e-regiao"],"_links":{"self":[{"href":"https:\/\/blogdoedvaldomagalhaes.com.br\/index.php\/wp-json\/wp\/v2\/posts\/50583","targetHints":{"allow":["GET"]}}],"collection":[{"href":"https:\/\/blogdoedvaldomagalhaes.com.br\/index.php\/wp-json\/wp\/v2\/posts"}],"about":[{"href":"https:\/\/blogdoedvaldomagalhaes.com.br\/index.php\/wp-json\/wp\/v2\/types\/post"}],"author":[{"embeddable":true,"href":"https:\/\/blogdoedvaldomagalhaes.com.br\/index.php\/wp-json\/wp\/v2\/users\/1"}],"replies":[{"embeddable":true,"href":"https:\/\/blogdoedvaldomagalhaes.com.br\/index.php\/wp-json\/wp\/v2\/comments?post=50583"}],"version-history":[{"count":1,"href":"https:\/\/blogdoedvaldomagalhaes.com.br\/index.php\/wp-json\/wp\/v2\/posts\/50583\/revisions"}],"predecessor-version":[{"id":50586,"href":"https:\/\/blogdoedvaldomagalhaes.com.br\/index.php\/wp-json\/wp\/v2\/posts\/50583\/revisions\/50586"}],"wp:featuredmedia":[{"embeddable":true,"href":"https:\/\/blogdoedvaldomagalhaes.com.br\/index.php\/wp-json\/wp\/v2\/media\/50584"}],"wp:attachment":[{"href":"https:\/\/blogdoedvaldomagalhaes.com.br\/index.php\/wp-json\/wp\/v2\/media?parent=50583"}],"wp:term":[{"taxonomy":"category","embeddable":true,"href":"https:\/\/blogdoedvaldomagalhaes.com.br\/index.php\/wp-json\/wp\/v2\/categories?post=50583"},{"taxonomy":"post_tag","embeddable":true,"href":"https:\/\/blogdoedvaldomagalhaes.com.br\/index.php\/wp-json\/wp\/v2\/tags?post=50583"}],"curies":[{"name":"wp","href":"https:\/\/api.w.org\/{rel}","templated":true}]}}