{"id":50580,"date":"2020-01-13T15:41:22","date_gmt":"2020-01-13T18:41:22","guid":{"rendered":"http:\/\/blogdoedvaldomagalhaes.com.br\/?p=50580"},"modified":"2020-01-13T15:41:26","modified_gmt":"2020-01-13T18:41:26","slug":"ciretran-faz-balanco-do-seguro-dpvat-em-caruaru","status":"publish","type":"post","link":"https:\/\/blogdoedvaldomagalhaes.com.br\/index.php\/2020\/01\/13\/ciretran-faz-balanco-do-seguro-dpvat-em-caruaru\/","title":{"rendered":"CIRETRAN faz balan\u00e7o do Seguro DPVAT em Caruaru"},"content":{"rendered":"<p style=\"text-align: justify;\"><span style=\"font-size: inherit;\">O diretor da 4\u00aa CIRETRAN (Circunscri\u00e7\u00e3o Regional de Tr\u00e2nsito) de Caruaru, Raffi\u00ea Dellon, aproveitou o debate nacional sobre o Seguro DPVAT (Danos Pessoais por Ve\u00edculos Automotores Terrestres), e fez um balan\u00e7o do servi\u00e7o em Caruaru. Que foi criado em sua gest\u00e3o o Ponto de Atendimento do Seguro na Cidade, onde funciona dentro da pr\u00f3pria CIRETRAN.<\/span><\/p>\n<p style=\"text-align: justify;\">Segundo Raffi\u00ea, a implanta\u00e7\u00e3o da Sala do Seguro em Caruaru deu uma nova din\u00e2mica aos servi\u00e7os em Caruaru: \u201cFoi um importante avan\u00e7o, na agilidade, sem burocracia, sem atravessador, 100% seguro e gratuito. Poucas pessoas sabem que \u00e9 um seguro que cobre todos os brasileiros, independentemente de serem condutores ou n\u00e3o, propriet\u00e1rios de ve\u00edculos ou n\u00e3o\u201d, comentou. Desde Julho de 2017 foram 1450 atendimentos, 870 processos que foram protocolados.<\/p>\n<p style=\"text-align: justify;\">No ranking das causas: Em primeiro lugar a causa de Invalidez Permanente significaram 66%, as Despesas M\u00e9dico Hospitalares 21% e a causa por Morte representou 12%. 75% das v\u00edtimas foram homens e 25% mulheres. Depois de muita discuss\u00e3o na esfera federal o Seguro DPVAT permanece fazendo parte do Licenciamento dos Ve\u00edculos em todo o Pa\u00eds, com uma redu\u00e7\u00e3o de 68% para carros e de 86% para motos. Os propriet\u00e1rios de carros ir\u00e3o pagar R$ 5,23. J\u00e1 os de moto R$ 12,30.<\/p>\n<p style=\"text-align: justify;\">De acordo com a seguradora L\u00edder, quem j\u00e1 pagou no valor anterior, que foi modificado pelo STF, dever\u00e1 solicitar o ressarcimento pelo site do Cons\u00f3rcio da Seguradora: www.seguradoralider.com.br<\/p>\n","protected":false},"excerpt":{"rendered":"<p>O diretor da 4\u00aa CIRETRAN (Circunscri\u00e7\u00e3o Regional de Tr\u00e2nsito) de Caruaru, Raffi\u00ea Dellon, aproveitou o debate nacional sobre o Seguro&hellip;<\/p>\n","protected":false},"author":1,"featured_media":50581,"comment_status":"open","ping_status":"open","sticky":false,"template":"","format":"standard","meta":{"footnotes":""},"categories":[14120],"tags":[2,16881,17062],"class_list":["post-50580","post","type-post","status-publish","format-standard","has-post-thumbnail","hentry","category-noticias","tag-blog-do-edvaldo-magalhaes","tag-caruaru-e-regiao","tag-ciretran-faz-balanco-do-seguro-dpvat-em-caruaru"],"_links":{"self":[{"href":"https:\/\/blogdoedvaldomagalhaes.com.br\/index.php\/wp-json\/wp\/v2\/posts\/50580","targetHints":{"allow":["GET"]}}],"collection":[{"href":"https:\/\/blogdoedvaldomagalhaes.com.br\/index.php\/wp-json\/wp\/v2\/posts"}],"about":[{"href":"https:\/\/blogdoedvaldomagalhaes.com.br\/index.php\/wp-json\/wp\/v2\/types\/post"}],"author":[{"embeddable":true,"href":"https:\/\/blogdoedvaldomagalhaes.com.br\/index.php\/wp-json\/wp\/v2\/users\/1"}],"replies":[{"embeddable":true,"href":"https:\/\/blogdoedvaldomagalhaes.com.br\/index.php\/wp-json\/wp\/v2\/comments?post=50580"}],"version-history":[{"count":1,"href":"https:\/\/blogdoedvaldomagalhaes.com.br\/index.php\/wp-json\/wp\/v2\/posts\/50580\/revisions"}],"predecessor-version":[{"id":50582,"href":"https:\/\/blogdoedvaldomagalhaes.com.br\/index.php\/wp-json\/wp\/v2\/posts\/50580\/revisions\/50582"}],"wp:featuredmedia":[{"embeddable":true,"href":"https:\/\/blogdoedvaldomagalhaes.com.br\/index.php\/wp-json\/wp\/v2\/media\/50581"}],"wp:attachment":[{"href":"https:\/\/blogdoedvaldomagalhaes.com.br\/index.php\/wp-json\/wp\/v2\/media?parent=50580"}],"wp:term":[{"taxonomy":"category","embeddable":true,"href":"https:\/\/blogdoedvaldomagalhaes.com.br\/index.php\/wp-json\/wp\/v2\/categories?post=50580"},{"taxonomy":"post_tag","embeddable":true,"href":"https:\/\/blogdoedvaldomagalhaes.com.br\/index.php\/wp-json\/wp\/v2\/tags?post=50580"}],"curies":[{"name":"wp","href":"https:\/\/api.w.org\/{rel}","templated":true}]}}