{"id":50573,"date":"2020-01-13T11:44:30","date_gmt":"2020-01-13T14:44:30","guid":{"rendered":"http:\/\/blogdoedvaldomagalhaes.com.br\/?p=50573"},"modified":"2020-01-13T11:44:36","modified_gmt":"2020-01-13T14:44:36","slug":"atleta-com-passagem-no-futebol-catarinense-e-contratado-pelo-central","status":"publish","type":"post","link":"https:\/\/blogdoedvaldomagalhaes.com.br\/index.php\/2020\/01\/13\/atleta-com-passagem-no-futebol-catarinense-e-contratado-pelo-central\/","title":{"rendered":"Atleta com passagem no futebol catarinense \u00e9 contratado pelo Central"},"content":{"rendered":"<p style=\"text-align: justify;\">Bruno Fleitux, 23 anos, o Bruninho, chega ao Central Sport Club para a temporada 2020.<\/p>\n<p style=\"text-align: justify;\">No in\u00edcio da carreira o meia-atacante teve passagens pelo Porto\/SC, e posteriormente, tamb\u00e9m vestiu as camisas do Gr\u00eamio Osasco\/SP, Herc\u00edlio Luz\/SC, Clube Atl\u00e9tico Metropolitano\/SC, Cambori\u00fa\/SC e Igua\u00e7u\/PR, sendo este, o \u00faltimo clube do atleta.<\/p>\n<p style=\"text-align: justify;\">Na temporada 2020, o Central de Caruaru disputar\u00e1 o Campeonato Pernambucano S\u00e9rie A1 e Brasileir\u00e3o da S\u00e9rie D.<\/p>\n<p style=\"text-align: justify;\">Informa\u00e7\u00f5es: Departamento de Comunica\u00e7\u00e3o do Central Sport Club.<\/p>\n","protected":false},"excerpt":{"rendered":"<p>Bruno Fleitux, 23 anos, o Bruninho, chega ao Central Sport Club para a temporada 2020. No in\u00edcio da carreira o&hellip;<\/p>\n","protected":false},"author":1,"featured_media":50575,"comment_status":"open","ping_status":"open","sticky":false,"template":"","format":"standard","meta":{"footnotes":""},"categories":[14124],"tags":[17060,2,16881],"class_list":["post-50573","post","type-post","status-publish","format-standard","has-post-thumbnail","hentry","category-centralsc","tag-atleta-com-passagem-no-futebol-catarinense-e-contratado-pelo-central","tag-blog-do-edvaldo-magalhaes","tag-caruaru-e-regiao"],"_links":{"self":[{"href":"https:\/\/blogdoedvaldomagalhaes.com.br\/index.php\/wp-json\/wp\/v2\/posts\/50573","targetHints":{"allow":["GET"]}}],"collection":[{"href":"https:\/\/blogdoedvaldomagalhaes.com.br\/index.php\/wp-json\/wp\/v2\/posts"}],"about":[{"href":"https:\/\/blogdoedvaldomagalhaes.com.br\/index.php\/wp-json\/wp\/v2\/types\/post"}],"author":[{"embeddable":true,"href":"https:\/\/blogdoedvaldomagalhaes.com.br\/index.php\/wp-json\/wp\/v2\/users\/1"}],"replies":[{"embeddable":true,"href":"https:\/\/blogdoedvaldomagalhaes.com.br\/index.php\/wp-json\/wp\/v2\/comments?post=50573"}],"version-history":[{"count":1,"href":"https:\/\/blogdoedvaldomagalhaes.com.br\/index.php\/wp-json\/wp\/v2\/posts\/50573\/revisions"}],"predecessor-version":[{"id":50576,"href":"https:\/\/blogdoedvaldomagalhaes.com.br\/index.php\/wp-json\/wp\/v2\/posts\/50573\/revisions\/50576"}],"wp:featuredmedia":[{"embeddable":true,"href":"https:\/\/blogdoedvaldomagalhaes.com.br\/index.php\/wp-json\/wp\/v2\/media\/50575"}],"wp:attachment":[{"href":"https:\/\/blogdoedvaldomagalhaes.com.br\/index.php\/wp-json\/wp\/v2\/media?parent=50573"}],"wp:term":[{"taxonomy":"category","embeddable":true,"href":"https:\/\/blogdoedvaldomagalhaes.com.br\/index.php\/wp-json\/wp\/v2\/categories?post=50573"},{"taxonomy":"post_tag","embeddable":true,"href":"https:\/\/blogdoedvaldomagalhaes.com.br\/index.php\/wp-json\/wp\/v2\/tags?post=50573"}],"curies":[{"name":"wp","href":"https:\/\/api.w.org\/{rel}","templated":true}]}}